{"id":256797,"date":"2022-05-08T14:40:35","date_gmt":"2022-05-08T12:40:35","guid":{"rendered":"https:\/\/zjarr.tv\/?p=256797"},"modified":"2022-05-08T14:40:35","modified_gmt":"2022-05-08T12:40:35","slug":"politika-e-fasadave-te-rames-kerpaci-pergjegjesi-direkte-ne-9-vite-per-largimin-masiv-te-te-rinjve","status":"publish","type":"post","link":"https:\/\/zjarr.tv\/en\/politika-e-fasadave-te-rames-kerpaci-pergjegjesi-direkte-ne-9-vite-per-largimin-masiv-te-te-rinjve\/","title":{"rendered":"Politika e fasadave t\u00eb Ram\u00ebs\/ K\u00ebrpa\u00e7i: P\u00ebrgjegj\u00ebsi direkte n\u00eb 9 vite p\u00ebr largimin masiv t\u00eb t\u00eb rinjve"},"content":{"rendered":"<p>Kryetarja e LRI-s\u00eb Floida K\u00ebrpa\u00e7i ka reaguar pas propagand\u00ebs s\u00eb kryeministrit Edi Rama me t\u00eb rinjt\u00eb, se do t\u00eb ngrej\u00eb k\u00ebshilla rinor lokal. N\u00eb nj\u00eb deklarat\u00eb p\u00ebr mediat, K\u00ebrpa\u00e7i ka theksuar se po vijn\u00eb zgjedhjet e radh\u00ebs dhe kryeministri u kujtua t\u00eb p\u00ebrmendi s\u00ebrish t\u00eb rinjt\u00eb pasi u duhet vota e tyre.<\/p>\n<p>&#8216;Politika e fasadave t\u00eb kryeministrit Rama, \u00ebsht\u00eb p\u00ebrgjegj\u00ebsja direkte q\u00eb gjat\u00eb 9 viteve t\u00eb qeverisjes s\u00eb tij, jan\u00eb par\u00eb ritme t\u00eb frikshme largimi masiv t\u00eb trurit dhe shtres\u00ebs s\u00eb mesme jasht\u00eb vendit: p\u00ebr t\u00eb nd\u00ebrtuar jet\u00ebn n\u00eb nj\u00eb vend normal dhe me garancit\u00eb p\u00ebr pun\u00eb dhe dinjitet&#8217;, ka th\u00ebn\u00eb K\u00ebrpa\u00e7i.<\/p>\n<p>Deklarata e plot\u00eb e Floida K\u00ebrpa\u00e7it<\/p>\n<p>Po vijn\u00eb zgjedhjet e radh\u00ebs dhe kryeministri u kujtua t\u00eb p\u00ebrmendi s\u00ebrish t\u00eb rinjt\u00eb. U duhet vota e tyre, ndaj edhe i p\u00ebrmend. Sepse kjo \u00ebsht\u00eb nj\u00eb politik\u00eb q\u00eb kujtohet p\u00ebr njer\u00ebzit vet\u00ebm kur vijn\u00eb zgjedhjet. Nd\u00ebrsa, n\u00eb periudh\u00ebn nd\u00ebrmjet zgjedhjeve kujdesen p\u00ebr miqt\u00eb, familjar\u00ebt dhe njer\u00ebzit e lidhur me ta. Politika e fasadave t\u00eb kryeministrit Rama, \u00ebsht\u00eb p\u00ebrgjegj\u00ebsja direkte q\u00eb gjat\u00eb 9 viteve t\u00eb qeverisjes s\u00eb tij, jan\u00eb par\u00eb ritme t\u00eb frikshme largimi masiv t\u00eb trurit dhe shtres\u00ebs s\u00eb mesme jasht\u00eb vendit: p\u00ebr t\u00eb nd\u00ebrtuar jet\u00ebn n\u00eb nj\u00eb vend normal dhe me garancit\u00eb p\u00ebr pun\u00eb dhe dinjitet.<\/p>\n<p>&nbsp;<\/p>\n<p>T\u00eb kujtohesh sot, pas 9 vitesh n\u00eb qeverisje, p\u00ebr t\u00eb ngritur k\u00ebshillat rinor lokal, a thua sikur k\u00ebto k\u00ebshilla do t\u00eb jen\u00eb zgjidhja e k\u00ebrkesave q\u00eb kan\u00eb t\u00eb rinjt\u00eb shqiptar\u00eb sot, \u00ebsht\u00eb fyerja m\u00eb e madhe q\u00eb i b\u00ebhet t\u00eb rinjve n\u00eb t\u00eb gjith\u00eb vendin, t\u00eb cil\u00ebt ndihen t\u00eb pap\u00ebrfaq\u00ebsuar nga ky model politik dhe e p\u00ebr\u00e7mojn\u00eb k\u00ebt\u00eb model qeveris\u00ebs.<\/p>\n<p>Pyetjes q\u00eb kryeministri u b\u00ebri kryetar\u00ebve t\u00eb bashkive s\u00eb \u00e7far\u00eb do tu thoni t\u00eb rinjve? Do te doja ti pergjigjesha duke i th\u00ebn\u00eb: \u00c7far\u00eb ke ti kryeminist\u00ebr, p\u00ebr tu th\u00ebn\u00eb mij\u00ebra t\u00eb rinjve q\u00eb kan\u00eb marr\u00eb kamiona dhe aviona, e \u00e7do m\u00ebnyr\u00eb largimi t\u00eb menj\u00ebhersh\u00ebm nga Shqip\u00ebria q\u00eb ti drejton? \u00c7fare ke ti kryeminist\u00ebr, p\u00ebr tu th\u00ebn\u00eb mij\u00ebra t\u00eb rinjve, q\u00eb sot jan\u00eb n\u00eb Evrop\u00eb dhe kudo n\u00eb bot\u00eb, q\u00eb nuk duan t\u00eb kthehen n\u00eb Shqip\u00ebrin\u00eb Tuaj, sepse vendi \u00ebsht\u00eb n\u00eb nj\u00eb situat\u00eb shum\u00eb t\u00eb v\u00ebshtir\u00eb ekonomike!<\/p>\n<p>T\u00eb rinjt\u00eb shqiptar\u00eb nuk kan\u00eb nevoj\u00eb q\u00eb ti ngrihen fasada rreth realitetit t\u00eb paprespektiv q\u00eb ata jetojn\u00eb. P\u00ebrkundrazi, t\u00eb rinjt\u00eb shqiptar jan\u00eb sot shum\u00eb her\u00eb m\u00eb t\u00eb ditur, m\u00eb t\u00eb zgjuar dhe m\u00eb vizionar\u00eb se t\u00eb gjith\u00eb pushtetar\u00ebt tan\u00eb n\u00eb krye; Ata duan m\u00eb t\u00eb mir\u00ebn p\u00ebr veten dhe ndaj ritmet e emigrimit t\u00eb rinis\u00eb shqiptare drejt Bashkimit Europian jan\u00eb rritur me ritme galopante.<\/p>\n<p>Gjenerata e re e refuzon qeverin\u00eb Rama, modelin ekonomik t\u00eb saj, refuzojn\u00eb gjendjen e pun\u00ebsimit, arsimit apo sh\u00ebndet\u00ebsis\u00eb n\u00eb vend; pavar\u00ebsisht se familjet e tyre paguajn\u00eb sot taksa dhe detyrime m\u00eb t\u00eb larta ndaj institucioneve publike qendore dhe lokale. N\u00ebse v\u00ebrtet i duan t\u00eb rinjt\u00eb, qeveria duhet t\u00eb zgjidh\u00eb problemet konkrete q\u00eb ata vet\u00eb me politik\u00ebn e ndjekur n\u00eb k\u00ebto 9 vite, ua\u00a0 kan\u00eb ngritur t\u00eb ardhmes s\u00eb rinis\u00eb shqiptare, si nj\u00eb mur t\u00eb pakap\u00ebrcyesh\u00ebm.<\/p>\n<p>K\u00ebt\u00eb shqet\u00ebsim e kemi marr\u00eb edhe nga takimi i dj\u00ebsh\u00ebm me maturant\u00eb t\u00eb gjimnazeve t\u00eb Tiran\u00ebs. Jo ngritje strukturash pa funksion, por dh\u00ebnie fund t\u00eb praktikave eksperimentale me Matur\u00ebn Shtet\u00ebrore: do t\u00eb ishte nj\u00eb kontribut konkret q\u00eb do t\u00eb p\u00ebrmiresonte jet\u00ebn e t\u00eb rinjve t\u00eb vendit. N\u00eb lidhje me arsimin, krahas Matures Shtet\u00ebrore eksperimentale, ka shume probleme per te cilat gjimnazistet ngriten zerin duke theksuar :<\/p>\n<ul>\n<li>Mungesa informacionit per tregun e punes qe do ti mundesonte te merrnin vendimet e duhura per arsimin universitar<\/li>\n<li>Keshillimi karrieres<\/li>\n<li>Mungesa e laboratoreve ne shkolla.<\/li>\n<li>Pershtatja e librave me kurrikula bashkekohore dhe jo sipas interesit te drejtuesit te radhes te institucionit arsimor<\/li>\n<li>Rritja e rendesise se psikologut ne shkolla, qe shkolla si institucion te perkujdeset ne cdo aspekt te formimit psiko-social te gjenerates se re.<\/li>\n<\/ul>\n<p>LSI mbetet mbeshtetesja numer 1 e rinise Shqiptare. Sfidat e rinise Shqiptare jane shume te medha por eshte me rendesi angazhimi yne i perditshem, i cdo aktori politik e jo vetem qe te mos ndalemi te veprojme dhe te jemi kontribuesit me aktiv te nje Shqiperie me te mire qe te gjithe duam te ndertojme.<\/p>\n<p>Faleminderit!<\/p>","protected":false},"excerpt":{"rendered":"<p>Kryetarja e LRI-s\u00eb Floida K\u00ebrpa\u00e7i ka reaguar pas propagand\u00ebs s\u00eb kryeministrit Edi Rama me t\u00eb rinjt\u00eb, se do t\u00eb ngrej\u00eb k\u00ebshilla rinor lokal. N\u00eb nj\u00eb deklarat\u00eb p\u00ebr mediat, K\u00ebrpa\u00e7i ka theksuar se po vijn\u00eb zgjedhjet e radh\u00ebs dhe kryeministri u kujtua t\u00eb p\u00ebrmendi s\u00ebrish t\u00eb rinjt\u00eb pasi u duhet vota e tyre. &#8216;Politika e fasadave [&hellip;]<\/p>\n","protected":false},"author":2020,"featured_media":256798,"comment_status":"closed","ping_status":"closed","sticky":false,"template":"","format":"standard","meta":{"footnotes":""},"categories":[241,5380,231],"tags":[],"class_list":{"0":"post-256797","1":"post","2":"type-post","3":"status-publish","4":"format-standard","5":"has-post-thumbnail","7":"category-aktualitet","8":"category-kryesore","9":"category-lajme"},"_links":{"self":[{"href":"https:\/\/zjarr.tv\/en\/wp-json\/wp\/v2\/posts\/256797","targetHints":{"allow":["GET"]}}],"collection":[{"href":"https:\/\/zjarr.tv\/en\/wp-json\/wp\/v2\/posts"}],"about":[{"href":"https:\/\/zjarr.tv\/en\/wp-json\/wp\/v2\/types\/post"}],"author":[{"embeddable":true,"href":"https:\/\/zjarr.tv\/en\/wp-json\/wp\/v2\/users\/2020"}],"replies":[{"embeddable":true,"href":"https:\/\/zjarr.tv\/en\/wp-json\/wp\/v2\/comments?post=256797"}],"version-history":[{"count":0,"href":"https:\/\/zjarr.tv\/en\/wp-json\/wp\/v2\/posts\/256797\/revisions"}],"wp:featuredmedia":[{"embeddable":true,"href":"https:\/\/zjarr.tv\/en\/wp-json\/wp\/v2\/media\/256798"}],"wp:attachment":[{"href":"https:\/\/zjarr.tv\/en\/wp-json\/wp\/v2\/media?parent=256797"}],"wp:term":[{"taxonomy":"category","embeddable":true,"href":"https:\/\/zjarr.tv\/en\/wp-json\/wp\/v2\/categories?post=256797"},{"taxonomy":"post_tag","embeddable":true,"href":"https:\/\/zjarr.tv\/en\/wp-json\/wp\/v2\/tags?post=256797"}],"curies":[{"name":"wp","href":"https:\/\/api.w.org\/{rel}","templated":true}]}}