{"id":256800,"date":"2022-05-08T15:07:24","date_gmt":"2022-05-08T13:07:24","guid":{"rendered":"https:\/\/zjarr.tv\/?p=256800"},"modified":"2022-05-08T15:25:31","modified_gmt":"2022-05-08T13:25:31","slug":"politologu-nxjerr-marreveshjen-e-vitit-2002-nano-dhe-berisha-zgjodhen-president-alfred-moisiun","status":"publish","type":"post","link":"https:\/\/zjarr.tv\/en\/politologu-nxjerr-marreveshjen-e-vitit-2002-nano-dhe-berisha-zgjodhen-president-alfred-moisiun\/","title":{"rendered":"Politologu nxjerr marr\u00ebveshjen e vitit 2002, Nano dhe Berisha zgjodh\u00ebn President Alfred Moisiun"},"content":{"rendered":"<p>Afrim Krasniqi, politolog i njohur n\u00eb vend, nxjerr marr\u00ebveshjen e vitit 2002 kur mazhoranca dhe opozita vendos\u00ebn t\u00eb dialogonin p\u00ebr zgjedhjen e Presidentit t\u00eb Republik\u00ebs.<\/p>\n<p>Nano dhe Berisha u takuan fillimisht p\u00ebr kriteret dhe m\u00eb pas p\u00ebr kandidatin p\u00ebr President konsensual. Me shumic\u00eb votash, Kuvendi zgjodhi n\u00eb at\u00eb koh\u00eb kandidatur\u00ebn e Alfred Moisiut p\u00ebr kreun e shtetit shqiptar.<\/p>\n<p>Shkruan Afrim Krasniqi:<\/p>\n<p>Retrospektiv\u00eb 2002. Fal\u00eb skem\u00ebs s\u00eb Dushkut dhe vendimeve t\u00eb Gjykat\u00ebs Kushtetuese zgjedhjet e vitit 2001 i dhan\u00eb mazhoranc\u00ebs mbi 84 mandate, numri i nevojsh\u00ebm p\u00ebr zgjedhjen e Presidentit. BE dhe SHBA k\u00ebshilluan mazhoranc\u00ebn t\u00eb k\u00ebrkoj\u00eb zgjidhje konsensuale p\u00ebr Presidentin.<\/p>\n<p>Pas dy dekadash testi i radh\u00ebs ende nuk ka bisedime dhe vullnet t\u00eb qart\u00eb. M\u00ebsimi i Demokracia nuk \u00ebsht\u00eb vet\u00ebm procedur\u00eb: zgjedhja e Presidentit k\u00ebrkon solemnitet, seriozitet, p\u00ebrgjegjshm\u00ebri, qasje institucionale &amp; mbipartiake. K\u00ebshtu nisi, k\u00ebshtu vijoi!<\/p>","protected":false},"excerpt":{"rendered":"<p>Afrim Krasniqi, politolog i njohur n\u00eb vend, nxjerr marr\u00ebveshjen e vitit 2002 kur mazhoranca dhe opozita vendos\u00ebn t\u00eb dialogonin p\u00ebr zgjedhjen e Presidentit t\u00eb Republik\u00ebs. Nano dhe Berisha u takuan fillimisht p\u00ebr kriteret dhe m\u00eb pas p\u00ebr kandidatin p\u00ebr President konsensual. Me shumic\u00eb votash, Kuvendi zgjodhi n\u00eb at\u00eb koh\u00eb kandidatur\u00ebn e Alfred Moisiut p\u00ebr kreun [&hellip;]<\/p>\n","protected":false},"author":2020,"featured_media":256801,"comment_status":"closed","ping_status":"closed","sticky":false,"template":"","format":"standard","meta":{"footnotes":""},"categories":[241,5380,231],"tags":[],"class_list":{"0":"post-256800","1":"post","2":"type-post","3":"status-publish","4":"format-standard","5":"has-post-thumbnail","7":"category-aktualitet","8":"category-kryesore","9":"category-lajme"},"_links":{"self":[{"href":"https:\/\/zjarr.tv\/en\/wp-json\/wp\/v2\/posts\/256800","targetHints":{"allow":["GET"]}}],"collection":[{"href":"https:\/\/zjarr.tv\/en\/wp-json\/wp\/v2\/posts"}],"about":[{"href":"https:\/\/zjarr.tv\/en\/wp-json\/wp\/v2\/types\/post"}],"author":[{"embeddable":true,"href":"https:\/\/zjarr.tv\/en\/wp-json\/wp\/v2\/users\/2020"}],"replies":[{"embeddable":true,"href":"https:\/\/zjarr.tv\/en\/wp-json\/wp\/v2\/comments?post=256800"}],"version-history":[{"count":0,"href":"https:\/\/zjarr.tv\/en\/wp-json\/wp\/v2\/posts\/256800\/revisions"}],"wp:featuredmedia":[{"embeddable":true,"href":"https:\/\/zjarr.tv\/en\/wp-json\/wp\/v2\/media\/256801"}],"wp:attachment":[{"href":"https:\/\/zjarr.tv\/en\/wp-json\/wp\/v2\/media?parent=256800"}],"wp:term":[{"taxonomy":"category","embeddable":true,"href":"https:\/\/zjarr.tv\/en\/wp-json\/wp\/v2\/categories?post=256800"},{"taxonomy":"post_tag","embeddable":true,"href":"https:\/\/zjarr.tv\/en\/wp-json\/wp\/v2\/tags?post=256800"}],"curies":[{"name":"wp","href":"https:\/\/api.w.org\/{rel}","templated":true}]}}