{"id":256819,"date":"2022-05-08T16:12:51","date_gmt":"2022-05-08T14:12:51","guid":{"rendered":"https:\/\/zjarr.tv\/?p=256819"},"modified":"2022-05-08T16:31:34","modified_gmt":"2022-05-08T14:31:34","slug":"nga-rama-kurti-tek-zyrtaret-e-larte-te-shba-dhe-be-abazovic-falenderon-lideret-dhe-publikon-foton-premtoj-se-do-punojme-per-qytetaret","status":"publish","type":"post","link":"https:\/\/zjarr.tv\/en\/nga-rama-kurti-tek-zyrtaret-e-larte-te-shba-dhe-be-abazovic-falenderon-lideret-dhe-publikon-foton-premtoj-se-do-punojme-per-qytetaret\/","title":{"rendered":"Nga Rama, Kurti tek zyrtar\u00ebt e lart\u00eb t\u00eb SHBA dhe BE\/ Abazovi\u00e7 falenderon lider\u00ebt dhe publikon foton: Premtoj se do punojm\u00eb p\u00ebr qytetar\u00ebt"},"content":{"rendered":"<p>Kryeministri i ri i Malit t\u00eb Zi, Dritan Abazovi\u00e7 ka fal\u00ebnderuar t\u00eb gjith\u00eb lider\u00ebt, t\u00eb cil\u00ebt e kan\u00eb uruar p\u00ebr detyr\u00ebn e re dhe t\u00eb r\u00ebnd\u00ebsishme p\u00ebr drejtimin e vendit.<\/p>\n<p>Abazovi\u00e7 publikoi n\u00eb Facebook nj\u00eb kolazh me fotografit\u00eb e lider\u00ebve bot\u00ebror\u00eb e rajonal\u00eb t\u00eb cil\u00ebt e uruan. Mes tyre jan\u00eb edhe kryeministri i Shqip\u00ebris\u00eb, Edi Rama, por edhe ai i Kosov\u00ebs, Albin Kurti.<\/p>\n<p>\u201cN\u00eb 10 dit\u00ebt e fundit kam marr\u00eb nj\u00eb num\u00ebr t\u00eb madh urimesh nga e gjith\u00eb bota, nga shum\u00eb president\u00eb shtetesh, kryetar\u00eb parlamentesh, kryeministra, deputet\u00eb, diplomat\u00eb, komuniteti shkencor, akademik dhe i biznesit, sektori i OJQ-ve dhe mediave. Faleminderit t\u00eb gjith\u00ebve p\u00ebr urimet tuaja!<\/p>\n<p>Premtojm\u00eb se do t\u00eb punojm\u00eb n\u00eb interes t\u00eb qytetar\u00ebve, p\u00ebr Malin e Zi evropian dhe ekologjik, i cili do t\u00eb zhvilloj\u00eb marr\u00ebdh\u00ebnie miq\u00ebsore me t\u00eb gjith\u00eb shtetet fqinj\u00eb!\u201d, shkruan Abazovic.<\/p>","protected":false},"excerpt":{"rendered":"<p>Kryeministri i ri i Malit t\u00eb Zi, Dritan Abazovi\u00e7 ka fal\u00ebnderuar t\u00eb gjith\u00eb lider\u00ebt, t\u00eb cil\u00ebt e kan\u00eb uruar p\u00ebr detyr\u00ebn e re dhe t\u00eb r\u00ebnd\u00ebsishme p\u00ebr drejtimin e vendit. Abazovi\u00e7 publikoi n\u00eb Facebook nj\u00eb kolazh me fotografit\u00eb e lider\u00ebve bot\u00ebror\u00eb e rajonal\u00eb t\u00eb cil\u00ebt e uruan. Mes tyre jan\u00eb edhe kryeministri i Shqip\u00ebris\u00eb, Edi [&hellip;]<\/p>\n","protected":false},"author":2020,"featured_media":256822,"comment_status":"closed","ping_status":"closed","sticky":false,"template":"","format":"standard","meta":{"footnotes":""},"categories":[241,5380,231,3373],"tags":[],"class_list":{"0":"post-256819","1":"post","2":"type-post","3":"status-publish","4":"format-standard","5":"has-post-thumbnail","7":"category-aktualitet","8":"category-kryesore","9":"category-lajme","10":"category-rajon"},"_links":{"self":[{"href":"https:\/\/zjarr.tv\/en\/wp-json\/wp\/v2\/posts\/256819","targetHints":{"allow":["GET"]}}],"collection":[{"href":"https:\/\/zjarr.tv\/en\/wp-json\/wp\/v2\/posts"}],"about":[{"href":"https:\/\/zjarr.tv\/en\/wp-json\/wp\/v2\/types\/post"}],"author":[{"embeddable":true,"href":"https:\/\/zjarr.tv\/en\/wp-json\/wp\/v2\/users\/2020"}],"replies":[{"embeddable":true,"href":"https:\/\/zjarr.tv\/en\/wp-json\/wp\/v2\/comments?post=256819"}],"version-history":[{"count":0,"href":"https:\/\/zjarr.tv\/en\/wp-json\/wp\/v2\/posts\/256819\/revisions"}],"wp:featuredmedia":[{"embeddable":true,"href":"https:\/\/zjarr.tv\/en\/wp-json\/wp\/v2\/media\/256822"}],"wp:attachment":[{"href":"https:\/\/zjarr.tv\/en\/wp-json\/wp\/v2\/media?parent=256819"}],"wp:term":[{"taxonomy":"category","embeddable":true,"href":"https:\/\/zjarr.tv\/en\/wp-json\/wp\/v2\/categories?post=256819"},{"taxonomy":"post_tag","embeddable":true,"href":"https:\/\/zjarr.tv\/en\/wp-json\/wp\/v2\/tags?post=256819"}],"curies":[{"name":"wp","href":"https:\/\/api.w.org\/{rel}","templated":true}]}}