{"id":256824,"date":"2022-05-08T16:19:02","date_gmt":"2022-05-08T14:19:02","guid":{"rendered":"https:\/\/zjarr.tv\/?p=256824"},"modified":"2022-05-08T16:19:02","modified_gmt":"2022-05-08T14:19:02","slug":"pres-me-padurim-bashkepunimin-me-tiranen-veliaj-takon-ne-shba-komisionerin-ed-mermelstein-dhe-zv-komisioneren-kristen-edgreen-kaufman","status":"publish","type":"post","link":"https:\/\/zjarr.tv\/en\/pres-me-padurim-bashkepunimin-me-tiranen-veliaj-takon-ne-shba-komisionerin-ed-mermelstein-dhe-zv-komisioneren-kristen-edgreen-kaufman\/","title":{"rendered":"\u201cPres me padurim bashk\u00ebpunimin me Tiran\u00ebn\u201d- Veliaj takon n\u00eb SHBA komisionerin Ed Mermelstein dhe zv.komisioneren Kristen Edgreen Kaufman"},"content":{"rendered":"<p>Kryetari i Bashkis\u00eb s\u00eb Tiran\u00ebs, Erion Veliaj, u takua n\u00eb Shtetet e Bashkuara t\u00eb Amerik\u00ebs me ekipin e zyr\u00ebs p\u00ebr \u00c7\u00ebshtjet Nd\u00ebrkomb\u00ebtare n\u00eb Nju Jork, komisionerin Ed Mermelstein dhe zv.komisioneren Kristen Edgreen Kaufman.<\/p>\n<p>P\u00ebrmes nj\u00eb postimi n\u00eb rrjete sociale, Veliaj shkruan se: \u201cShum\u00eb i lumtur q\u00eb u takova me ekipin e zyr\u00ebs p\u00ebr \u00c7\u00ebshtjet Nd\u00ebrkomb\u00ebtare n\u00eb Nju Jork, komisionerin Ed Mermelstein dhe zv.komisioneren Kristen Edgreen Kaufman.<\/p>\n<p>Pres me padurim bashk\u00ebpunimin me Tiran\u00ebn si Kryeqyteti Evropian i Rinis\u00eb 2022, p\u00ebr m\u00eb shum\u00eb nisma dhe organizata rinore me qend\u00ebr n\u00eb NYC\u201d.<\/p>\n<p>Nj\u00eb dit\u00eb m\u00eb par\u00eb, kryebashkiaku Veliaj zhvilloi nj\u00eb takim dhe me kryetarin e Bashkis\u00eb s\u00eb Nju Jorkut Eric Adams si dhe me aktivistin e njohur shqiptaro-amerikan, Mark Gjonaj<\/p>","protected":false},"excerpt":{"rendered":"<p>Kryetari i Bashkis\u00eb s\u00eb Tiran\u00ebs, Erion Veliaj, u takua n\u00eb Shtetet e Bashkuara t\u00eb Amerik\u00ebs me ekipin e zyr\u00ebs p\u00ebr \u00c7\u00ebshtjet Nd\u00ebrkomb\u00ebtare n\u00eb Nju Jork, komisionerin Ed Mermelstein dhe zv.komisioneren Kristen Edgreen Kaufman. P\u00ebrmes nj\u00eb postimi n\u00eb rrjete sociale, Veliaj shkruan se: \u201cShum\u00eb i lumtur q\u00eb u takova me ekipin e zyr\u00ebs p\u00ebr \u00c7\u00ebshtjet Nd\u00ebrkomb\u00ebtare [&hellip;]<\/p>\n","protected":false},"author":2020,"featured_media":256825,"comment_status":"closed","ping_status":"closed","sticky":false,"template":"","format":"standard","meta":{"footnotes":""},"categories":[241,5380,231],"tags":[],"class_list":{"0":"post-256824","1":"post","2":"type-post","3":"status-publish","4":"format-standard","5":"has-post-thumbnail","7":"category-aktualitet","8":"category-kryesore","9":"category-lajme"},"_links":{"self":[{"href":"https:\/\/zjarr.tv\/en\/wp-json\/wp\/v2\/posts\/256824","targetHints":{"allow":["GET"]}}],"collection":[{"href":"https:\/\/zjarr.tv\/en\/wp-json\/wp\/v2\/posts"}],"about":[{"href":"https:\/\/zjarr.tv\/en\/wp-json\/wp\/v2\/types\/post"}],"author":[{"embeddable":true,"href":"https:\/\/zjarr.tv\/en\/wp-json\/wp\/v2\/users\/2020"}],"replies":[{"embeddable":true,"href":"https:\/\/zjarr.tv\/en\/wp-json\/wp\/v2\/comments?post=256824"}],"version-history":[{"count":0,"href":"https:\/\/zjarr.tv\/en\/wp-json\/wp\/v2\/posts\/256824\/revisions"}],"wp:featuredmedia":[{"embeddable":true,"href":"https:\/\/zjarr.tv\/en\/wp-json\/wp\/v2\/media\/256825"}],"wp:attachment":[{"href":"https:\/\/zjarr.tv\/en\/wp-json\/wp\/v2\/media?parent=256824"}],"wp:term":[{"taxonomy":"category","embeddable":true,"href":"https:\/\/zjarr.tv\/en\/wp-json\/wp\/v2\/categories?post=256824"},{"taxonomy":"post_tag","embeddable":true,"href":"https:\/\/zjarr.tv\/en\/wp-json\/wp\/v2\/tags?post=256824"}],"curies":[{"name":"wp","href":"https:\/\/api.w.org\/{rel}","templated":true}]}}