{"id":256827,"date":"2022-05-08T16:23:13","date_gmt":"2022-05-08T14:23:13","guid":{"rendered":"https:\/\/zjarr.tv\/?p=256827"},"modified":"2022-05-08T16:23:13","modified_gmt":"2022-05-08T14:23:13","slug":"nderron-jete-nje-nder-themeluesit-e-pd-durres-berisha-humbje-e-dhimbshme-nderim-per-andrea-xhavaren","status":"publish","type":"post","link":"https:\/\/zjarr.tv\/en\/nderron-jete-nje-nder-themeluesit-e-pd-durres-berisha-humbje-e-dhimbshme-nderim-per-andrea-xhavaren\/","title":{"rendered":"Nd\u00ebrron jet\u00eb nj\u00eb nd\u00ebr themeluesit e PD Durr\u00ebs\/ Berisha: Humbje e dhimbshme! Nderim p\u00ebr Andrea Xhavar\u00ebn!"},"content":{"rendered":"<p>Ish-kryeministri Sali Berisha ka postuar nj\u00eb mesazh ngush\u00ebllimi p\u00ebr Andrea Xhav\u00ebn, nj\u00eb nd\u00ebr themeluesit e PD Dega Durrr\u00ebs, i cili ka nd\u00ebrruar jet\u00eb dit\u00ebn e sotme.<\/p>\n<p>\u2018Shpreh mir\u00ebnjohjen dhe nderimin tim t\u00eb thell\u00eb p\u00ebr vepr\u00ebn dhe kontributin e \u00e7muar t\u00eb Andreas dhe i shpreh ngush\u00ebllimet e mia m\u00eb t\u00eb ndjera familjes s\u00eb tij t\u00eb nderuar, miqve, t\u00eb af\u00ebrmve dhe demokrat\u00ebve t\u00eb Durr\u00ebsit p\u00ebr k\u00ebt\u00eb humbje t\u00eb dhimbshme\u2019, shkruan Berisha n\u00eb Facebook.<\/p>\n<p>Postimi i plot\u00eb i Sali Berish\u00ebs:<\/p>\n<p>Nderim per Andrea Xhavaren!<\/p>\n<p>Te dashur miq, Andrea Xhavara, nje nder themeluesit e Partise Demokratike Dega Durres dhe drejtuesit e pare te kesaj dege, kryetari i Dhomes se Tregtise se Durresit, mesues i mirenjohur matematike, bashkeshorte e prind dhe qytetar shembullor mbylli syte pergjithmone.<\/p>\n<p>Me kete rast shpreh mirenjohjen dhe nderimin tim te thelle per vepren dhe kontributin e \u00e7muar te Andreas dhe i shpreh ngushellimet e mia me te ndjera familjes se tij te nderuar, miqve, te afermve dhe demokrateve te Durresit per kete humbje te dhimbshme dhe lutem se bashku me ta qe shpirti i tij i mire te gjeje paqen e merituar. Sb<\/p>","protected":false},"excerpt":{"rendered":"<p>Ish-kryeministri Sali Berisha ka postuar nj\u00eb mesazh ngush\u00ebllimi p\u00ebr Andrea Xhav\u00ebn, nj\u00eb nd\u00ebr themeluesit e PD Dega Durrr\u00ebs, i cili ka nd\u00ebrruar jet\u00eb dit\u00ebn e sotme. \u2018Shpreh mir\u00ebnjohjen dhe nderimin tim t\u00eb thell\u00eb p\u00ebr vepr\u00ebn dhe kontributin e \u00e7muar t\u00eb Andreas dhe i shpreh ngush\u00ebllimet e mia m\u00eb t\u00eb ndjera familjes s\u00eb tij t\u00eb nderuar, [&hellip;]<\/p>\n","protected":false},"author":2020,"featured_media":256828,"comment_status":"closed","ping_status":"closed","sticky":false,"template":"","format":"standard","meta":{"footnotes":""},"categories":[241,5380,231],"tags":[],"class_list":{"0":"post-256827","1":"post","2":"type-post","3":"status-publish","4":"format-standard","5":"has-post-thumbnail","7":"category-aktualitet","8":"category-kryesore","9":"category-lajme"},"_links":{"self":[{"href":"https:\/\/zjarr.tv\/en\/wp-json\/wp\/v2\/posts\/256827","targetHints":{"allow":["GET"]}}],"collection":[{"href":"https:\/\/zjarr.tv\/en\/wp-json\/wp\/v2\/posts"}],"about":[{"href":"https:\/\/zjarr.tv\/en\/wp-json\/wp\/v2\/types\/post"}],"author":[{"embeddable":true,"href":"https:\/\/zjarr.tv\/en\/wp-json\/wp\/v2\/users\/2020"}],"replies":[{"embeddable":true,"href":"https:\/\/zjarr.tv\/en\/wp-json\/wp\/v2\/comments?post=256827"}],"version-history":[{"count":0,"href":"https:\/\/zjarr.tv\/en\/wp-json\/wp\/v2\/posts\/256827\/revisions"}],"wp:featuredmedia":[{"embeddable":true,"href":"https:\/\/zjarr.tv\/en\/wp-json\/wp\/v2\/media\/256828"}],"wp:attachment":[{"href":"https:\/\/zjarr.tv\/en\/wp-json\/wp\/v2\/media?parent=256827"}],"wp:term":[{"taxonomy":"category","embeddable":true,"href":"https:\/\/zjarr.tv\/en\/wp-json\/wp\/v2\/categories?post=256827"},{"taxonomy":"post_tag","embeddable":true,"href":"https:\/\/zjarr.tv\/en\/wp-json\/wp\/v2\/tags?post=256827"}],"curies":[{"name":"wp","href":"https:\/\/api.w.org\/{rel}","templated":true}]}}