{"id":256849,"date":"2022-05-08T18:12:22","date_gmt":"2022-05-08T16:12:22","guid":{"rendered":"https:\/\/zjarr.tv\/?p=256849"},"modified":"2022-05-08T18:12:22","modified_gmt":"2022-05-08T16:12:22","slug":"ja-pse-kerkon-arrestimin-e-berishes-dhe-metes-manjani-reagon-pas-thirrjes-qe-kryeministri-rama-i-beri-spak-ut","status":"publish","type":"post","link":"https:\/\/zjarr.tv\/en\/ja-pse-kerkon-arrestimin-e-berishes-dhe-metes-manjani-reagon-pas-thirrjes-qe-kryeministri-rama-i-beri-spak-ut\/","title":{"rendered":"\u201cJa pse k\u00ebrkon arrestimin e Berish\u00ebs dhe Met\u00ebs\u201d, Manjani reagon pas thirrjes q\u00eb kryeministri Rama i b\u00ebri SPAK-ut"},"content":{"rendered":"<p>Ish-minist\u00ebr i Drejt\u00ebsis\u00eb, Ylli Manjani ka reaguar ndaj deklaratave t\u00eb kryeministrit Edi Rama, i cili nj\u00eb dit\u00eb m\u00eb par\u00eb nga mbledhja e Asambles\u00eb Komb\u00ebtare t\u00eb PS hodhi akuza t\u00eb forta ndaj SPAK dhe kvrkoi arrestimin e Sali Berish\u00ebs dhe Ilir Met\u00ebs.<\/p>\n<p>Manjani shkruan se Rama \u00ebsht\u00eb n\u00eb s\u00ebk\u00eblldi, i \u00ebsht\u00eb prishur rehati q\u00eb i ofronte opozita e shitur.<\/p>\n<p>Postimi i plot\u00eb:<\/p>\n<p>245 lek\u00eb p\u00ebr lit\u00ebr nafta. U \u201dstabilizua\u201d n\u00eb k\u00ebt\u00eb pik\u00eb \u00e7mimi.<\/p>\n<p>Ushqimet e rritura me 30%. T\u00eb \u00e7imentuara edhe ato.<\/p>\n<p>Energjia e rritur mbi 700kw, me 30%.<\/p>\n<p>\u00c7do produkt e sh\u00ebrbim i rritur respektivisht me rritjet e m\u00ebsip\u00ebrme.<\/p>\n<p>Tani, n\u00ebse arrestohet Sali Berisha dhe Ilir Meta si\u00e7 sugjeron Kryeministri, a ulen \u00e7mimet?!<\/p>\n<p>Po korrupsioni i rritur, tenderat sekret\u00eb e koncensionet do zhduken?!<\/p>\n<p>Si p\u00ebrmirsohet qeverisja kur k\u00ebrkohet t\u00eb shuhet opozita, e di njeri?!<\/p>\n<p>Mua m\u00eb duket se Rama \u00ebsht\u00eb n\u00eb sek\u00eblldi. I \u00ebsht\u00eb prishur disi rehatia q\u00eb i ofronte opozita e shitur\u2026<\/p>\n<p>\u00cbsht\u00eb Ai q\u00eb duhet t\u00eb jap\u00eb llogari dhe jo t\u00eb k\u00ebrkoj\u00eb llogari t\u00eb tjer\u00ebve!<\/p>","protected":false},"excerpt":{"rendered":"<p>Ish-minist\u00ebr i Drejt\u00ebsis\u00eb, Ylli Manjani ka reaguar ndaj deklaratave t\u00eb kryeministrit Edi Rama, i cili nj\u00eb dit\u00eb m\u00eb par\u00eb nga mbledhja e Asambles\u00eb Komb\u00ebtare t\u00eb PS hodhi akuza t\u00eb forta ndaj SPAK dhe kvrkoi arrestimin e Sali Berish\u00ebs dhe Ilir Met\u00ebs. Manjani shkruan se Rama \u00ebsht\u00eb n\u00eb s\u00ebk\u00eblldi, i \u00ebsht\u00eb prishur rehati q\u00eb i ofronte [&hellip;]<\/p>\n","protected":false},"author":2030,"featured_media":256850,"comment_status":"closed","ping_status":"closed","sticky":false,"template":"","format":"standard","meta":{"footnotes":""},"categories":[241,3366,5380,231,1454],"tags":[],"class_list":{"0":"post-256849","1":"post","2":"type-post","3":"status-publish","4":"format-standard","5":"has-post-thumbnail","7":"category-aktualitet","8":"category-koment","9":"category-kryesore","10":"category-lajme","11":"category-politike"},"_links":{"self":[{"href":"https:\/\/zjarr.tv\/en\/wp-json\/wp\/v2\/posts\/256849","targetHints":{"allow":["GET"]}}],"collection":[{"href":"https:\/\/zjarr.tv\/en\/wp-json\/wp\/v2\/posts"}],"about":[{"href":"https:\/\/zjarr.tv\/en\/wp-json\/wp\/v2\/types\/post"}],"author":[{"embeddable":true,"href":"https:\/\/zjarr.tv\/en\/wp-json\/wp\/v2\/users\/2030"}],"replies":[{"embeddable":true,"href":"https:\/\/zjarr.tv\/en\/wp-json\/wp\/v2\/comments?post=256849"}],"version-history":[{"count":0,"href":"https:\/\/zjarr.tv\/en\/wp-json\/wp\/v2\/posts\/256849\/revisions"}],"wp:featuredmedia":[{"embeddable":true,"href":"https:\/\/zjarr.tv\/en\/wp-json\/wp\/v2\/media\/256850"}],"wp:attachment":[{"href":"https:\/\/zjarr.tv\/en\/wp-json\/wp\/v2\/media?parent=256849"}],"wp:term":[{"taxonomy":"category","embeddable":true,"href":"https:\/\/zjarr.tv\/en\/wp-json\/wp\/v2\/categories?post=256849"},{"taxonomy":"post_tag","embeddable":true,"href":"https:\/\/zjarr.tv\/en\/wp-json\/wp\/v2\/tags?post=256849"}],"curies":[{"name":"wp","href":"https:\/\/api.w.org\/{rel}","templated":true}]}}