{"id":256853,"date":"2022-05-08T18:24:22","date_gmt":"2022-05-08T16:24:22","guid":{"rendered":"https:\/\/zjarr.tv\/?p=256853"},"modified":"2022-05-08T18:24:22","modified_gmt":"2022-05-08T16:24:22","slug":"zbulohet-rivali-i-pare-i-sali-berishes-ja-kush-eshte-kandidati-tjeter-per-kryetarin-e-pd","status":"publish","type":"post","link":"https:\/\/zjarr.tv\/en\/zbulohet-rivali-i-pare-i-sali-berishes-ja-kush-eshte-kandidati-tjeter-per-kryetarin-e-pd\/","title":{"rendered":"Zbulohet rivali i par\u00eb i Sali Berish\u00ebs, ja kush \u00ebsht\u00eb kandidati tjet\u00ebr p\u00ebr Kryetarin e PD"},"content":{"rendered":"<p>Ibsen Elezi do t\u00eb jet\u00eb rivali i Sali Berish\u00ebs n\u00eb gar\u00ebn p\u00ebr kryetarin e Partis\u00eb Demokratike. Afati p\u00ebr dor\u00ebzimin e formular\u00ebve ka p\u00ebrfunduar dje, m\u00eb 7 maj, dhe m\u00ebsohet se Elezi ka paraqitur kandidatur\u00ebn e tij.<\/p>\n<p>Nj\u00eb zyrtar lokal i PD dhe nj\u00ebher\u00ebsh nj\u00eb kritik i madh i k\u00ebsaj force politike, sot Ibsen Elezi ka konfirmuar se do t\u00eb jet\u00eb n\u00eb gar\u00eb me ish-kryeministrin Sali Berisha. Zgjedhjet p\u00ebr kryetarin e PD mbahen m\u00eb dat\u00eb 22 maj dhe do t\u00eb votoj\u00eb e gjith\u00eb an\u00ebtar\u00ebsia demokrate.<\/p>\n<p>I pyetur nga newsbomb.al ish-kryetari i PD n\u00eb Kuk\u00ebs, ka pohuar se \u201cDje n\u00eb or\u00ebn 11.30 kam paraqitur kandidatur\u00ebn time\u201d. Nd\u00ebrkoh\u00eb, m\u00ebsohet se Komisioni i Operacioneve Elektorale n\u00eb PD do t\u00eb dal\u00eb nes\u00ebr p\u00ebr t\u00eb b\u00ebr\u00eb publik emrin\/emrat q\u00eb do t\u00eb rivalizojn\u00eb Berish\u00ebn.<\/p>\n<p>N\u00eb gar\u00eb ishte dhe demokrati tjet\u00ebr Edvin Kulluri, por ky i fundit u t\u00ebrhoq dhe hodhi akuza t\u00eb forta drejt Grupit t\u00eb Rithemelimit. Data p\u00ebr zgjedhjen e kreut t\u00eb PD u vendos n\u00eb Kuvendin e 30 prillit, q\u00eb u thirr nga grupimi i Sali Berish\u00ebs.<\/p>\n<p>Ish-kryeministri Sali Berisha, q\u00eb n\u00eb dit\u00ebt e para t\u00eb nisjes s\u00eb procesit t\u00eb \u201cFoltores\u201d ka deklaruar se q\u00ebllimin p\u00ebr t\u00eb marr\u00eb drejtimin e Partis\u00eb Demokratike. N\u00eb kushtet kur edhe Fatbardh Kadilli dhe Agron Shehaj u shpreh\u00ebn n\u00eb media se nuk do garonin, Berisha tha se procesi mund t\u00eb shkonte drejt referendumit.<\/p>","protected":false},"excerpt":{"rendered":"<p>Ibsen Elezi do t\u00eb jet\u00eb rivali i Sali Berish\u00ebs n\u00eb gar\u00ebn p\u00ebr kryetarin e Partis\u00eb Demokratike. Afati p\u00ebr dor\u00ebzimin e formular\u00ebve ka p\u00ebrfunduar dje, m\u00eb 7 maj, dhe m\u00ebsohet se Elezi ka paraqitur kandidatur\u00ebn e tij. Nj\u00eb zyrtar lokal i PD dhe nj\u00ebher\u00ebsh nj\u00eb kritik i madh i k\u00ebsaj force politike, sot Ibsen Elezi ka [&hellip;]<\/p>\n","protected":false},"author":2030,"featured_media":256854,"comment_status":"closed","ping_status":"closed","sticky":false,"template":"","format":"standard","meta":{"footnotes":""},"categories":[241,3366,5380,231,1454],"tags":[],"class_list":{"0":"post-256853","1":"post","2":"type-post","3":"status-publish","4":"format-standard","5":"has-post-thumbnail","7":"category-aktualitet","8":"category-koment","9":"category-kryesore","10":"category-lajme","11":"category-politike"},"_links":{"self":[{"href":"https:\/\/zjarr.tv\/en\/wp-json\/wp\/v2\/posts\/256853","targetHints":{"allow":["GET"]}}],"collection":[{"href":"https:\/\/zjarr.tv\/en\/wp-json\/wp\/v2\/posts"}],"about":[{"href":"https:\/\/zjarr.tv\/en\/wp-json\/wp\/v2\/types\/post"}],"author":[{"embeddable":true,"href":"https:\/\/zjarr.tv\/en\/wp-json\/wp\/v2\/users\/2030"}],"replies":[{"embeddable":true,"href":"https:\/\/zjarr.tv\/en\/wp-json\/wp\/v2\/comments?post=256853"}],"version-history":[{"count":0,"href":"https:\/\/zjarr.tv\/en\/wp-json\/wp\/v2\/posts\/256853\/revisions"}],"wp:featuredmedia":[{"embeddable":true,"href":"https:\/\/zjarr.tv\/en\/wp-json\/wp\/v2\/media\/256854"}],"wp:attachment":[{"href":"https:\/\/zjarr.tv\/en\/wp-json\/wp\/v2\/media?parent=256853"}],"wp:term":[{"taxonomy":"category","embeddable":true,"href":"https:\/\/zjarr.tv\/en\/wp-json\/wp\/v2\/categories?post=256853"},{"taxonomy":"post_tag","embeddable":true,"href":"https:\/\/zjarr.tv\/en\/wp-json\/wp\/v2\/tags?post=256853"}],"curies":[{"name":"wp","href":"https:\/\/api.w.org\/{rel}","templated":true}]}}