{"id":256857,"date":"2022-05-08T18:26:44","date_gmt":"2022-05-08T16:26:44","guid":{"rendered":"https:\/\/zjarr.tv\/?p=256857"},"modified":"2022-05-08T18:26:44","modified_gmt":"2022-05-08T16:26:44","slug":"yuri-kim-rikthehet-ne-femijeri-poston-foton-e-vjeter-me-te-emen-dhe-te-vellain-i-jam-mirenjohese-nenes-time","status":"publish","type":"post","link":"https:\/\/zjarr.tv\/en\/yuri-kim-rikthehet-ne-femijeri-poston-foton-e-vjeter-me-te-emen-dhe-te-vellain-i-jam-mirenjohese-nenes-time\/","title":{"rendered":"Yuri Kim rikthehet n\u00eb f\u00ebmij\u00ebri, poston foton e vjet\u00ebr me t\u00eb \u00ebm\u00ebn dhe t\u00eb v\u00ebllain: I jam mir\u00ebnjoh\u00ebse n\u00ebn\u00ebs time"},"content":{"rendered":"<p>Data 8 Maj \u00ebsht\u00eb Dita e N\u00ebn\u00ebs n\u00eb mbi 50 vende t\u00eb bot\u00ebs dhe n\u00eb k\u00ebt\u00eb dit\u00eb kaq t\u00eb ve\u00e7ant\u00eb nuk mund t\u00eb mungonin urimet p\u00ebr n\u00ebnat.<\/p>\n<p>S\u00eb fundmi, ka qen\u00eb ambasadorja e SHBA n\u00eb Shqip\u00ebri, Yuri Kim, e cila n\u00eb llogarin\u00eb e saj n\u00eb \u201cInstagram\u201d ka publikuar nj\u00eb foto t\u00eb rrall\u00eb.<\/p>\n<p>E kthyer shum\u00eb vite pas n\u00eb f\u00ebmij\u00ebrin\u00eb e saj, ambasadorja na ka sjell\u00eb nj\u00eb foto me n\u00ebn\u00ebn dhe v\u00ebllain e saj.<\/p>\n<p>Krah fotos Yuri Kim ka falenderuar t\u00eb \u00ebm\u00ebn p\u00ebr t\u00eb gjitha sakrificat q\u00eb ajo ka b\u00ebr\u00eb p\u00ebr rritjen e saj dhe t\u00eb s\u00eb v\u00ebllait.<\/p>\n<p>\u201cFaleminderit t\u00eb gjitha n\u00ebnave q\u00eb japin gjith\u00e7ka kan\u00eb p\u00ebr t\u00eb rritur f\u00ebmij\u00ebt e tyre. I jam mir\u00ebnjoh\u00ebs n\u00ebn\u00ebs sime p\u00ebr t\u00eb gjitha sakrificat e saj q\u00eb m\u00eb rriti mua dhe v\u00ebllan\u00eb tim, nd\u00ebrsa nd\u00ebrtuam nj\u00eb jet\u00eb t\u00eb re si emigrant\u00eb n\u00eb Amerik\u00eb, duke na m\u00ebsuar t\u00eb jemi optimist\u00eb, t\u00eb punojm\u00eb shum\u00eb, t\u00eb k\u00ebmb\u00ebngulim pa marr\u00eb parasysh pengesat dhe t\u00eb p\u00ebrpiqemi m\u00eb t\u00eb mir\u00ebn p\u00ebr t\u00eb kontribuar p\u00ebr komunitetin ton\u00eb, vendin ton\u00eb dhe bot\u00ebn ton\u00eb. Faleminderit mami \u2013 t\u00eb dua dhe m\u00eb mungon \u00e7do dit\u00eb. #Dita e N\u00ebn\u00ebs2022\u201d, shkruan ambasadorja krah fotos.<\/p>","protected":false},"excerpt":{"rendered":"<p>Data 8 Maj \u00ebsht\u00eb Dita e N\u00ebn\u00ebs n\u00eb mbi 50 vende t\u00eb bot\u00ebs dhe n\u00eb k\u00ebt\u00eb dit\u00eb kaq t\u00eb ve\u00e7ant\u00eb nuk mund t\u00eb mungonin urimet p\u00ebr n\u00ebnat. S\u00eb fundmi, ka qen\u00eb ambasadorja e SHBA n\u00eb Shqip\u00ebri, Yuri Kim, e cila n\u00eb llogarin\u00eb e saj n\u00eb \u201cInstagram\u201d ka publikuar nj\u00eb foto t\u00eb rrall\u00eb. E kthyer shum\u00eb [&hellip;]<\/p>\n","protected":false},"author":2030,"featured_media":256858,"comment_status":"closed","ping_status":"closed","sticky":false,"template":"","format":"standard","meta":{"footnotes":""},"categories":[241,3366,5380,231],"tags":[],"class_list":{"0":"post-256857","1":"post","2":"type-post","3":"status-publish","4":"format-standard","5":"has-post-thumbnail","7":"category-aktualitet","8":"category-koment","9":"category-kryesore","10":"category-lajme"},"_links":{"self":[{"href":"https:\/\/zjarr.tv\/en\/wp-json\/wp\/v2\/posts\/256857","targetHints":{"allow":["GET"]}}],"collection":[{"href":"https:\/\/zjarr.tv\/en\/wp-json\/wp\/v2\/posts"}],"about":[{"href":"https:\/\/zjarr.tv\/en\/wp-json\/wp\/v2\/types\/post"}],"author":[{"embeddable":true,"href":"https:\/\/zjarr.tv\/en\/wp-json\/wp\/v2\/users\/2030"}],"replies":[{"embeddable":true,"href":"https:\/\/zjarr.tv\/en\/wp-json\/wp\/v2\/comments?post=256857"}],"version-history":[{"count":0,"href":"https:\/\/zjarr.tv\/en\/wp-json\/wp\/v2\/posts\/256857\/revisions"}],"wp:featuredmedia":[{"embeddable":true,"href":"https:\/\/zjarr.tv\/en\/wp-json\/wp\/v2\/media\/256858"}],"wp:attachment":[{"href":"https:\/\/zjarr.tv\/en\/wp-json\/wp\/v2\/media?parent=256857"}],"wp:term":[{"taxonomy":"category","embeddable":true,"href":"https:\/\/zjarr.tv\/en\/wp-json\/wp\/v2\/categories?post=256857"},{"taxonomy":"post_tag","embeddable":true,"href":"https:\/\/zjarr.tv\/en\/wp-json\/wp\/v2\/tags?post=256857"}],"curies":[{"name":"wp","href":"https:\/\/api.w.org\/{rel}","templated":true}]}}