{"id":256873,"date":"2022-05-08T22:18:40","date_gmt":"2022-05-08T20:18:40","guid":{"rendered":"https:\/\/zjarr.tv\/?p=256873"},"modified":"2022-05-08T22:18:40","modified_gmt":"2022-05-08T20:18:40","slug":"kaos-me-sherbimet-online-ja-cfare-ndodh-kur-e-albania-te-thote-te-perdoresh-telefonin","status":"publish","type":"post","link":"https:\/\/zjarr.tv\/en\/kaos-me-sherbimet-online-ja-cfare-ndodh-kur-e-albania-te-thote-te-perdoresh-telefonin\/","title":{"rendered":"Kaos me sh\u00ebrbimet online\/ Ja \u00e7far\u00eb ndodh kur e-Albania t\u00eb thot\u00eb t\u00eb p\u00ebrdor\u00ebsh telefonin\u2026"},"content":{"rendered":"<p>Prej dat\u00ebs 1 maj jan\u00eb mbyllur zyrat e sh\u00ebrbimit fizik p\u00ebr qytetar\u00ebt n\u00eb institucionet shtet\u00ebrore, nd\u00ebrsa \u00e7do dokument do t\u00eb ofrohet online.<\/p>\n<p>Por mbyllja e zyrave ka shkaktuar kaos dhe paqart\u00ebsi kryesisht p\u00ebr pensionist\u00ebt, t\u00eb cil\u00ebt nuk akses n\u00eb internet.<\/p>\n<p>P\u00ebr t\u00eb par\u00eb se \u00e7far\u00eb ndodh kur e-Albania t\u00eb thot\u00eb t\u00eb p\u00ebrdor\u00ebsh telefonin p\u00ebr t\u00eb kryer sh\u00ebrbime ndiqni linkun e m\u00ebposht\u00ebm:<\/p>\n<p><iframe loading=\"lazy\" title=\"Kur e-Albania t\u00eb thot\u00eb p\u00ebrdor telefonin \ud83e\udd23\ud83e\udd23\" width=\"696\" height=\"392\" src=\"https:\/\/www.youtube.com\/embed\/XF438Yjyw90?feature=oembed\" frameborder=\"0\" allow=\"accelerometer; autoplay; clipboard-write; encrypted-media; gyroscope; picture-in-picture\" allowfullscreen><\/iframe><\/p>","protected":false},"excerpt":{"rendered":"<p>Prej dat\u00ebs 1 maj jan\u00eb mbyllur zyrat e sh\u00ebrbimit fizik p\u00ebr qytetar\u00ebt n\u00eb institucionet shtet\u00ebrore, nd\u00ebrsa \u00e7do dokument do t\u00eb ofrohet online. Por mbyllja e zyrave ka shkaktuar kaos dhe paqart\u00ebsi kryesisht p\u00ebr pensionist\u00ebt, t\u00eb cil\u00ebt nuk akses n\u00eb internet. P\u00ebr t\u00eb par\u00eb se \u00e7far\u00eb ndodh kur e-Albania t\u00eb thot\u00eb t\u00eb p\u00ebrdor\u00ebsh telefonin p\u00ebr t\u00eb [&hellip;]<\/p>\n","protected":false},"author":2030,"featured_media":256874,"comment_status":"closed","ping_status":"closed","sticky":false,"template":"","format":"standard","meta":{"footnotes":""},"categories":[241,231,200],"tags":[],"class_list":{"0":"post-256873","1":"post","2":"type-post","3":"status-publish","4":"format-standard","5":"has-post-thumbnail","7":"category-aktualitet","8":"category-lajme","9":"category-shkruaje-ne-akull"},"_links":{"self":[{"href":"https:\/\/zjarr.tv\/en\/wp-json\/wp\/v2\/posts\/256873","targetHints":{"allow":["GET"]}}],"collection":[{"href":"https:\/\/zjarr.tv\/en\/wp-json\/wp\/v2\/posts"}],"about":[{"href":"https:\/\/zjarr.tv\/en\/wp-json\/wp\/v2\/types\/post"}],"author":[{"embeddable":true,"href":"https:\/\/zjarr.tv\/en\/wp-json\/wp\/v2\/users\/2030"}],"replies":[{"embeddable":true,"href":"https:\/\/zjarr.tv\/en\/wp-json\/wp\/v2\/comments?post=256873"}],"version-history":[{"count":0,"href":"https:\/\/zjarr.tv\/en\/wp-json\/wp\/v2\/posts\/256873\/revisions"}],"wp:featuredmedia":[{"embeddable":true,"href":"https:\/\/zjarr.tv\/en\/wp-json\/wp\/v2\/media\/256874"}],"wp:attachment":[{"href":"https:\/\/zjarr.tv\/en\/wp-json\/wp\/v2\/media?parent=256873"}],"wp:term":[{"taxonomy":"category","embeddable":true,"href":"https:\/\/zjarr.tv\/en\/wp-json\/wp\/v2\/categories?post=256873"},{"taxonomy":"post_tag","embeddable":true,"href":"https:\/\/zjarr.tv\/en\/wp-json\/wp\/v2\/tags?post=256873"}],"curies":[{"name":"wp","href":"https:\/\/api.w.org\/{rel}","templated":true}]}}