{"id":256900,"date":"2022-05-09T10:21:05","date_gmt":"2022-05-09T08:21:05","guid":{"rendered":"https:\/\/zjarr.tv\/?p=256900"},"modified":"2022-05-09T10:21:05","modified_gmt":"2022-05-09T08:21:05","slug":"salianji-dhe-boci-bojkotojne-serish-mbledhjen-e-kryesise-se-grupit-parlamentar-ne-takim-me-alibeajn-vetem-pampuri-dhe-agalliu","status":"publish","type":"post","link":"https:\/\/zjarr.tv\/en\/salianji-dhe-boci-bojkotojne-serish-mbledhjen-e-kryesise-se-grupit-parlamentar-ne-takim-me-alibeajn-vetem-pampuri-dhe-agalliu\/","title":{"rendered":"Salianji dhe Bo\u00e7i bojkotojn\u00eb s\u00ebrish mbledhjen e Kryesis\u00eb s\u00eb Grupit Parlamentar, n\u00eb takim me Alibeajn vet\u00ebm Pampuri dhe Agalliu"},"content":{"rendered":"<p>Ervin Salianji dhe Lu\u00e7iano Bo\u00e7i kan\u00eb bojkotuar s\u00ebrish mbledhjen e Kryesis\u00eb s\u00eb Grupit Parlamentar t\u00eb Partis\u00eb Demokratike, t\u00eb thirrur nga Enkelejd Alibeaj.<\/p>\n<p>Burime p\u00ebr mediat b\u00ebjn\u00eb me dije se n\u00eb mbledhja po zhvillohet vet\u00ebm mes Alibeajt, Orjola Pampurit si n\u00ebnkryetare e PD dhe Sekretarit t\u00eb Grupit Parlamentar, Arbi Agalliut. Mbledhja ishte programuar p\u00ebr t\u00eb premten e kaluar, por mungesa e Salianjit dhe Bo\u00e7it b\u00ebri q\u00eb t\u00eb shtyhej p\u00ebr sot. Pavar\u00ebsisht se Agalliu tha se kishin dakord\u00ebsi, dy deputet\u00ebt q\u00eb kan\u00eb dal\u00eb kund\u00ebr Alibeajt nuk kan\u00eb qen\u00eb s\u00ebrish t\u00eb pranish\u00ebm.<\/p>\n<p>Mbledhjet e Grupit Parlamentar t\u00eb PD-s\u00eb jan\u00eb shoq\u00ebruar gjithmon\u00eb me debate t\u00eb forta mes Alibeajt dhe Berish\u00ebs, p\u00ebr shkak se ky i fundit \u00ebsht\u00eb p\u00ebrjashtuar nga Grupi n\u00eb 9 shtator, pas vendimit t\u00eb Lulzim Bash\u00ebs, nd\u00ebrkoh\u00eb q\u00eb \u00ebsht\u00eb shpallur edhe \u201cnon grata\u201d nga SHBA.<\/p>\n<p>PD \u00ebsht\u00eb e p\u00ebr\u00e7ar\u00eb n\u00eb 3 grupe, pasi p\u00ebrve\u00e7 deputet\u00ebve q\u00eb mb\u00ebshtesin Alibeajn dhe atyre q\u00eb mb\u00ebshtesin Berish\u00ebn, jan\u00eb edhe nj\u00eb grup tjet\u00ebr asnj\u00eban\u00ebs, t\u00eb cil\u00ebt nuk kan\u00eb marr\u00eb pjes\u00eb as n\u00eb mbledhjen e K\u00ebshillit Komb\u00ebtar, por as n\u00eb mbledhjen e Grupit Parlamentar.<\/p>\n<p>Afati i fundit p\u00ebr zgjedhjen e Presidentit nuk \u00ebsht\u00eb shum\u00eb larg, ndaj mosdakord\u00ebsia n\u00eb PD mund t\u00eb b\u00ebj\u00eb q\u00eb Partia Socialiste ta zgjedh\u00eb e vetme kreun e shtetit, pasi i ka votat e mjaftueshme. Bashk\u00ebpunimi me \u201cRithemelimin\u201d nuk \u00ebsht\u00eb nj\u00eb opsion p\u00ebr mazhoranc\u00ebn, pasi vet\u00eb kryeministri Rama ka deklaruar se nuk do t\u00eb ket\u00eb asnj\u00eb negociat\u00eb me Sali Berish\u00ebn.<\/p>","protected":false},"excerpt":{"rendered":"<p>Ervin Salianji dhe Lu\u00e7iano Bo\u00e7i kan\u00eb bojkotuar s\u00ebrish mbledhjen e Kryesis\u00eb s\u00eb Grupit Parlamentar t\u00eb Partis\u00eb Demokratike, t\u00eb thirrur nga Enkelejd Alibeaj. Burime p\u00ebr mediat b\u00ebjn\u00eb me dije se n\u00eb mbledhja po zhvillohet vet\u00ebm mes Alibeajt, Orjola Pampurit si n\u00ebnkryetare e PD dhe Sekretarit t\u00eb Grupit Parlamentar, Arbi Agalliut. Mbledhja ishte programuar p\u00ebr t\u00eb premten [&hellip;]<\/p>\n","protected":false},"author":2031,"featured_media":181567,"comment_status":"closed","ping_status":"closed","sticky":false,"template":"","format":"standard","meta":{"footnotes":""},"categories":[241,231,235],"tags":[],"class_list":{"0":"post-256900","1":"post","2":"type-post","3":"status-publish","4":"format-standard","5":"has-post-thumbnail","7":"category-aktualitet","8":"category-lajme","9":"category-vendi"},"_links":{"self":[{"href":"https:\/\/zjarr.tv\/en\/wp-json\/wp\/v2\/posts\/256900","targetHints":{"allow":["GET"]}}],"collection":[{"href":"https:\/\/zjarr.tv\/en\/wp-json\/wp\/v2\/posts"}],"about":[{"href":"https:\/\/zjarr.tv\/en\/wp-json\/wp\/v2\/types\/post"}],"author":[{"embeddable":true,"href":"https:\/\/zjarr.tv\/en\/wp-json\/wp\/v2\/users\/2031"}],"replies":[{"embeddable":true,"href":"https:\/\/zjarr.tv\/en\/wp-json\/wp\/v2\/comments?post=256900"}],"version-history":[{"count":0,"href":"https:\/\/zjarr.tv\/en\/wp-json\/wp\/v2\/posts\/256900\/revisions"}],"wp:featuredmedia":[{"embeddable":true,"href":"https:\/\/zjarr.tv\/en\/wp-json\/wp\/v2\/media\/181567"}],"wp:attachment":[{"href":"https:\/\/zjarr.tv\/en\/wp-json\/wp\/v2\/media?parent=256900"}],"wp:term":[{"taxonomy":"category","embeddable":true,"href":"https:\/\/zjarr.tv\/en\/wp-json\/wp\/v2\/categories?post=256900"},{"taxonomy":"post_tag","embeddable":true,"href":"https:\/\/zjarr.tv\/en\/wp-json\/wp\/v2\/tags?post=256900"}],"curies":[{"name":"wp","href":"https:\/\/api.w.org\/{rel}","templated":true}]}}