{"id":256907,"date":"2022-05-09T10:24:06","date_gmt":"2022-05-09T08:24:06","guid":{"rendered":"https:\/\/zjarr.tv\/?p=256907"},"modified":"2022-05-09T10:24:06","modified_gmt":"2022-05-09T08:24:06","slug":"mbi-4-muaj-pa-u-paguar-punonjesit-e-inceneratorit-te-fierit-dalin-ne-proteste-bllokojne-mjetet-qe-transportojne-mbetjet","status":"publish","type":"post","link":"https:\/\/zjarr.tv\/en\/mbi-4-muaj-pa-u-paguar-punonjesit-e-inceneratorit-te-fierit-dalin-ne-proteste-bllokojne-mjetet-qe-transportojne-mbetjet\/","title":{"rendered":"Mbi 4 muaj pa u paguar, punonj\u00ebsit e inceneratorit t\u00eb Fierit dalin n\u00eb protest\u00eb, bllokojn\u00eb mjetet q\u00eb transportojn\u00eb mbetjet"},"content":{"rendered":"<p>Punonj\u00ebsit e inceneratorit t\u00eb Fierit kan\u00eb dal\u00eb n\u00eb protest\u00eb dit\u00ebn e sotme, pasi thon\u00eb se kan\u00eb 4 muaj pa marr\u00eb rrogat.<\/p>\n<p>Ata kan\u00eb bllokuar mjetet q\u00eb transportojn\u00eb mbetjet n\u00eb incinerator, teksa shprehen se nuk do t\u00eb ndalen derisa t\u00eb marrin at\u00eb q\u00eb u takon, pasi me ato rroga ushqejn\u00eb familjet dhe paguajn\u00eb qirat\u00eb.<\/p>\n<p>\u201cKemi q\u00eb n\u00eb muajin janar deri tani nuk kemi mart\u00eb rrogat, p\u00ebr vitin 2022 dhe nuk na japin asnj\u00eb lloj p\u00ebrgjigje, do i merrni sot, do i merrni nes\u00ebr dhe ne kemi ngelur si peshku pa uj\u00eb. Nuk kemi administrator, po vijm\u00eb po b\u00ebjm\u00eb pun\u00ebn ton\u00eb rutin\u00eb, pa administrator. Kjo \u00ebsht\u00eb protesta e dyt\u00eb dhe nuk na jep njeri shpjegim. Ne u detyruam t\u00eb bllokojm\u00eb hyrjen q\u00eb t\u00eb d\u00ebgjohemi se ka r\u00ebn\u00eb n\u00eb vesh t\u00eb shurdh\u00ebr\u201d, tha nj\u00ebri prej punonj\u00ebsve.<\/p>\n<p>Aktualisht ky incenerator administrohet nga shteti dhe aty depozitohen mbetjet e 4 bashkive t\u00eb qarkut t\u00eb Fierit.<\/p>","protected":false},"excerpt":{"rendered":"<p>Punonj\u00ebsit e inceneratorit t\u00eb Fierit kan\u00eb dal\u00eb n\u00eb protest\u00eb dit\u00ebn e sotme, pasi thon\u00eb se kan\u00eb 4 muaj pa marr\u00eb rrogat. Ata kan\u00eb bllokuar mjetet q\u00eb transportojn\u00eb mbetjet n\u00eb incinerator, teksa shprehen se nuk do t\u00eb ndalen derisa t\u00eb marrin at\u00eb q\u00eb u takon, pasi me ato rroga ushqejn\u00eb familjet dhe paguajn\u00eb qirat\u00eb. \u201cKemi q\u00eb [&hellip;]<\/p>\n","protected":false},"author":2031,"featured_media":256908,"comment_status":"closed","ping_status":"closed","sticky":false,"template":"","format":"standard","meta":{"footnotes":""},"categories":[241,231,235],"tags":[],"class_list":{"0":"post-256907","1":"post","2":"type-post","3":"status-publish","4":"format-standard","5":"has-post-thumbnail","7":"category-aktualitet","8":"category-lajme","9":"category-vendi"},"_links":{"self":[{"href":"https:\/\/zjarr.tv\/en\/wp-json\/wp\/v2\/posts\/256907","targetHints":{"allow":["GET"]}}],"collection":[{"href":"https:\/\/zjarr.tv\/en\/wp-json\/wp\/v2\/posts"}],"about":[{"href":"https:\/\/zjarr.tv\/en\/wp-json\/wp\/v2\/types\/post"}],"author":[{"embeddable":true,"href":"https:\/\/zjarr.tv\/en\/wp-json\/wp\/v2\/users\/2031"}],"replies":[{"embeddable":true,"href":"https:\/\/zjarr.tv\/en\/wp-json\/wp\/v2\/comments?post=256907"}],"version-history":[{"count":0,"href":"https:\/\/zjarr.tv\/en\/wp-json\/wp\/v2\/posts\/256907\/revisions"}],"wp:featuredmedia":[{"embeddable":true,"href":"https:\/\/zjarr.tv\/en\/wp-json\/wp\/v2\/media\/256908"}],"wp:attachment":[{"href":"https:\/\/zjarr.tv\/en\/wp-json\/wp\/v2\/media?parent=256907"}],"wp:term":[{"taxonomy":"category","embeddable":true,"href":"https:\/\/zjarr.tv\/en\/wp-json\/wp\/v2\/categories?post=256907"},{"taxonomy":"post_tag","embeddable":true,"href":"https:\/\/zjarr.tv\/en\/wp-json\/wp\/v2\/tags?post=256907"}],"curies":[{"name":"wp","href":"https:\/\/api.w.org\/{rel}","templated":true}]}}