{"id":256914,"date":"2022-05-09T11:17:04","date_gmt":"2022-05-09T09:17:04","guid":{"rendered":"https:\/\/zjarr.tv\/?p=256914"},"modified":"2022-05-09T11:17:04","modified_gmt":"2022-05-09T09:17:04","slug":"edi-paloka-kundershton-draftin-e-alibeajt-per-presidentin-e-ri-loje-e-turpshme-propozimet-e-rames-shiten-si-kritere-te-opozites","status":"publish","type":"post","link":"https:\/\/zjarr.tv\/en\/edi-paloka-kundershton-draftin-e-alibeajt-per-presidentin-e-ri-loje-e-turpshme-propozimet-e-rames-shiten-si-kritere-te-opozites\/","title":{"rendered":"Edi Paloka kund\u00ebrshton draftin e Alibeajt p\u00ebr Presidentin e ri: Loj\u00eb e turpshme! Propozimet e Ram\u00ebs shiten si kritere t\u00eb opozit\u00ebs"},"content":{"rendered":"<p>Kreu i K\u00ebshillit Komb\u00ebtar t\u00eb Partis\u00eb Demokratike, ka kund\u00ebrshtuar draftin e propozuar nga Enkelejd Alibeaj p\u00ebr zgjedhjen e Presidentit t\u00eb ri.<\/p>\n<p>Ai thot\u00eb se kjo \u00ebsht\u00eb nj\u00eb loj\u00eb e turpshme, pasi propozimet e Ram\u00ebs po shiten si kritere t\u00eb opozit\u00ebs, pasip sipas tij, Alibeaj po vepron nj\u00ebsoj si kryeministri, duke b\u00ebr\u00eb sikur mbledh mendimet e deputet\u00ebve p\u00ebr kreun e ri t\u00eb shtetit.<\/p>\n<p>\u201cNga zarfet e grupit te PS tek \u201czarfet\u201d e grupit Alibeu .<\/p>\n<p>Propozimet e Rames shiten si kritere te \u201copozites\u201d !<\/p>\n<p>Loja e turpshme per te paraqitur Presidentin e Rames si President konsensual, zhvillohet perpara syve te publikut e ne menyren me te trashe. Rama ben sikur mbledh mendimet e deputeteve te PS me zarf ,\u00a0 Alibeu ben sikur mbledh mendimet e deputeteve te tij me e-mail. Ne finale, kandidati i Rames do dale nga goja e L.B, E.A \u2026<\/p>\n<p>Nuk e di ne se ata deputete (te zgjedhur me votat e demokrateve) qe vazhdojne ndjekin kete rruge, jane thjeshte viktima naive qe po perdoren apo jane me vullnet te plote ne kete loje ?! Pergjegjesia eshte e tyre\u201d, shkruan Paloka.<\/p>","protected":false},"excerpt":{"rendered":"<p>Kreu i K\u00ebshillit Komb\u00ebtar t\u00eb Partis\u00eb Demokratike, ka kund\u00ebrshtuar draftin e propozuar nga Enkelejd Alibeaj p\u00ebr zgjedhjen e Presidentit t\u00eb ri. Ai thot\u00eb se kjo \u00ebsht\u00eb nj\u00eb loj\u00eb e turpshme, pasi propozimet e Ram\u00ebs po shiten si kritere t\u00eb opozit\u00ebs, pasip sipas tij, Alibeaj po vepron nj\u00ebsoj si kryeministri, duke b\u00ebr\u00eb sikur mbledh mendimet e [&hellip;]<\/p>\n","protected":false},"author":2030,"featured_media":256917,"comment_status":"closed","ping_status":"closed","sticky":false,"template":"","format":"standard","meta":{"footnotes":""},"categories":[241,3366,5380,231,1454],"tags":[],"class_list":{"0":"post-256914","1":"post","2":"type-post","3":"status-publish","4":"format-standard","5":"has-post-thumbnail","7":"category-aktualitet","8":"category-koment","9":"category-kryesore","10":"category-lajme","11":"category-politike"},"_links":{"self":[{"href":"https:\/\/zjarr.tv\/en\/wp-json\/wp\/v2\/posts\/256914","targetHints":{"allow":["GET"]}}],"collection":[{"href":"https:\/\/zjarr.tv\/en\/wp-json\/wp\/v2\/posts"}],"about":[{"href":"https:\/\/zjarr.tv\/en\/wp-json\/wp\/v2\/types\/post"}],"author":[{"embeddable":true,"href":"https:\/\/zjarr.tv\/en\/wp-json\/wp\/v2\/users\/2030"}],"replies":[{"embeddable":true,"href":"https:\/\/zjarr.tv\/en\/wp-json\/wp\/v2\/comments?post=256914"}],"version-history":[{"count":0,"href":"https:\/\/zjarr.tv\/en\/wp-json\/wp\/v2\/posts\/256914\/revisions"}],"wp:featuredmedia":[{"embeddable":true,"href":"https:\/\/zjarr.tv\/en\/wp-json\/wp\/v2\/media\/256917"}],"wp:attachment":[{"href":"https:\/\/zjarr.tv\/en\/wp-json\/wp\/v2\/media?parent=256914"}],"wp:term":[{"taxonomy":"category","embeddable":true,"href":"https:\/\/zjarr.tv\/en\/wp-json\/wp\/v2\/categories?post=256914"},{"taxonomy":"post_tag","embeddable":true,"href":"https:\/\/zjarr.tv\/en\/wp-json\/wp\/v2\/tags?post=256914"}],"curies":[{"name":"wp","href":"https:\/\/api.w.org\/{rel}","templated":true}]}}