{"id":256916,"date":"2022-05-09T11:24:44","date_gmt":"2022-05-09T09:24:44","guid":{"rendered":"https:\/\/zjarr.tv\/?p=256916"},"modified":"2022-05-09T11:35:51","modified_gmt":"2022-05-09T09:35:51","slug":"taulant-balla-takim-me-deputetin-e-cdu-csu-mirenjohje-per-mbeshtetjen-e-vazhdueshme-ndaj-shqiperise-ne-rrugen-e-anetaresimit-ne-be","status":"publish","type":"post","link":"https:\/\/zjarr.tv\/en\/taulant-balla-takim-me-deputetin-e-cdu-csu-mirenjohje-per-mbeshtetjen-e-vazhdueshme-ndaj-shqiperise-ne-rrugen-e-anetaresimit-ne-be\/","title":{"rendered":"Taulant Balla takim me deputetin e CDU\/CSU: Mir\u00ebnjohje p\u00ebr mb\u00ebshtetjen e vazhdueshme ndaj Shqip\u00ebris\u00eb n\u00eb rrug\u00ebn e an\u00ebtar\u00ebsimit n\u00eb BE!"},"content":{"rendered":"<p>Kryetari i Grupit Parlamentar t\u00eb Partis\u00eb Socialiste Taulant Balla ka pritur n\u00eb nj\u00eb takim n\u00eb ambientet e Kuvendit an\u00ebtarin e Bundestagut Volkmar Klein.<\/p>\n<p>N\u00eb fjal\u00ebn e tij Balla shprehu mir\u00ebnjohje p\u00ebr CDU\/CSU-Bundestagsfraktion p\u00ebr mb\u00ebshtetjen e vazhdueshme t\u00eb ofruar Shqip\u00ebris\u00eb dhe vendeve t\u00eb Ballkanit Per\u00ebndimor n\u00eb rrug\u00ebn e an\u00ebtar\u00ebsimit n\u00eb Bashkimin Europian.<\/p>\n<p>Postimi i plot\u00eb i Taulant Ball\u00ebs:<\/p>\n<p>K\u00ebnaq\u00ebsi t\u00eb prisja n\u00eb nj\u00eb takim an\u00ebtarin e Bundestagut Volkmar Klein. Mir\u00ebnjohje CDU\/CSU-Bundestagsfraktion p\u00ebr mb\u00ebshtetjen e vazhdueshme t\u00eb ofruar Shqip\u00ebris\u00eb dhe vendeve t\u00eb Ballkanit Per\u00ebndimor n\u00eb rrug\u00ebn e an\u00ebtar\u00ebsimit n\u00eb Bashkimin Europian. Theksova r\u00ebnd\u00ebsin\u00eb e p\u00ebrshpejtimit t\u00eb procesit t\u00eb zgjerimit t\u00eb BE-s\u00eb me vendet e Ballkanit Per\u00ebndimor, nj\u00eb vendim-marrje strategjike kjo tashm\u00eb e imponuar nga konteksti i ri gjeopolitik pas agresionit rus ndaj sovranitetit dhe popullit t\u00eb Ukrain\u00ebs. P\u00ebrsh\u00ebndeta vizit\u00ebn pak dit\u00eb m\u00eb par\u00eb t\u00eb Kryetarit t\u00eb CDU, nj\u00ebkoh\u00ebsisht Kryetar i Grupit CDU\/CSU n\u00eb Bundestag Friedrich Merz n\u00eb Kiev. Marr\u00ebdh\u00ebniet e shk\u00eblqyera midis qeverive dhe vendeve tona duhet t\u00eb thellohen dhe konkretizohen n\u00eb nj\u00eb bashk\u00ebpunim m\u00eb t\u00eb madh ekonomik n\u00eb disa sektor\u00eb strategjik\u00eb. Shqip\u00ebria mbetet nj\u00eb ofert\u00eb e shk\u00eblqyer p\u00ebr shum\u00eb kompani gjermane p\u00ebr t\u00eb investuar. Gjermania, me rreth 1.2 miliard\u00eb euro financime, z\u00eb vendin e par\u00eb n\u00eb mb\u00ebshtetjen q\u00eb i ka dh\u00ebn\u00eb Shqip\u00ebris\u00eb. Mir\u00ebnjohje KFW p\u00ebr financimet e r\u00ebnd\u00ebsishme n\u00eb sektor\u00eb jetik\u00eb si uj\u00ebsjell\u00ebsa, kanalizime, rrjetet e transmisionit dhe interkonjeksionit t\u00eb energjis\u00eb etj.<\/p>","protected":false},"excerpt":{"rendered":"<p>Kryetari i Grupit Parlamentar t\u00eb Partis\u00eb Socialiste Taulant Balla ka pritur n\u00eb nj\u00eb takim n\u00eb ambientet e Kuvendit an\u00ebtarin e Bundestagut Volkmar Klein. N\u00eb fjal\u00ebn e tij Balla shprehu mir\u00ebnjohje p\u00ebr CDU\/CSU-Bundestagsfraktion p\u00ebr mb\u00ebshtetjen e vazhdueshme t\u00eb ofruar Shqip\u00ebris\u00eb dhe vendeve t\u00eb Ballkanit Per\u00ebndimor n\u00eb rrug\u00ebn e an\u00ebtar\u00ebsimit n\u00eb Bashkimin Europian. Postimi i plot\u00eb i [&hellip;]<\/p>\n","protected":false},"author":2016,"featured_media":256922,"comment_status":"closed","ping_status":"closed","sticky":false,"template":"","format":"standard","meta":{"footnotes":""},"categories":[241,5380,231,1454],"tags":[],"class_list":{"0":"post-256916","1":"post","2":"type-post","3":"status-publish","4":"format-standard","5":"has-post-thumbnail","7":"category-aktualitet","8":"category-kryesore","9":"category-lajme","10":"category-politike"},"_links":{"self":[{"href":"https:\/\/zjarr.tv\/en\/wp-json\/wp\/v2\/posts\/256916","targetHints":{"allow":["GET"]}}],"collection":[{"href":"https:\/\/zjarr.tv\/en\/wp-json\/wp\/v2\/posts"}],"about":[{"href":"https:\/\/zjarr.tv\/en\/wp-json\/wp\/v2\/types\/post"}],"author":[{"embeddable":true,"href":"https:\/\/zjarr.tv\/en\/wp-json\/wp\/v2\/users\/2016"}],"replies":[{"embeddable":true,"href":"https:\/\/zjarr.tv\/en\/wp-json\/wp\/v2\/comments?post=256916"}],"version-history":[{"count":0,"href":"https:\/\/zjarr.tv\/en\/wp-json\/wp\/v2\/posts\/256916\/revisions"}],"wp:featuredmedia":[{"embeddable":true,"href":"https:\/\/zjarr.tv\/en\/wp-json\/wp\/v2\/media\/256922"}],"wp:attachment":[{"href":"https:\/\/zjarr.tv\/en\/wp-json\/wp\/v2\/media?parent=256916"}],"wp:term":[{"taxonomy":"category","embeddable":true,"href":"https:\/\/zjarr.tv\/en\/wp-json\/wp\/v2\/categories?post=256916"},{"taxonomy":"post_tag","embeddable":true,"href":"https:\/\/zjarr.tv\/en\/wp-json\/wp\/v2\/tags?post=256916"}],"curies":[{"name":"wp","href":"https:\/\/api.w.org\/{rel}","templated":true}]}}