{"id":256930,"date":"2022-05-09T11:40:27","date_gmt":"2022-05-09T09:40:27","guid":{"rendered":"https:\/\/zjarr.tv\/?p=256930"},"modified":"2022-05-09T11:40:27","modified_gmt":"2022-05-09T09:40:27","slug":"alibeaj-therret-mbledhjen-e-grupit-per-zgjedhjen-e-presidentit-zbulohet-qendrimi-i-komisionit-te-rithemelimit","status":"publish","type":"post","link":"https:\/\/zjarr.tv\/en\/alibeaj-therret-mbledhjen-e-grupit-per-zgjedhjen-e-presidentit-zbulohet-qendrimi-i-komisionit-te-rithemelimit\/","title":{"rendered":"Alibeaj th\u00ebrret mbledhjen e grupit p\u00ebr zgjedhjen e Presidentit, zbulohet q\u00ebndrimi i Komisionit t\u00eb Rithemelimit"},"content":{"rendered":"<p>Kryetari i grupit parlamentar t\u00eb PD-s\u00eb, Enkelejd Alibeaj ka thirrur sot n\u00eb or\u00ebn 14:00 nj\u00eb mbledhje t\u00eb deputet\u00ebve p\u00ebr t\u00eb diskutuar p\u00ebr procedur\u00ebn e zgjedhjes s\u00eb Presidentit t\u00eb ri t\u00eb vendit.<\/p>\n<p>Nj\u00eb dit\u00eb para mbledhjes ai u ka shp\u00ebrndar\u00eb deputet\u00ebve nj\u00eb draft me kriteret dhe formul\u00ebn e zgjedhjes s\u00eb Presidentit, ku v\u00eb n\u00eb dukje faktin se materiali nuk \u00ebsht\u00eb p\u00ebrfundimtar dhe mund t\u00eb ndryshoj\u00eb n\u00eb var\u00ebsi t\u00eb propozimeve t\u00eb deputet\u00ebve.<\/p>\n<p>\u201cDuke shpresuar t\u00eb keni kaluar sa me mire ne fundjave, po ju shkruaj per mbedhjen e radhes se grupit. Sic u bisedua, ju lutem gjeni bashkelidhur dokumentin, ku jane sintetizuar me kujdes diskutimet qe beme ne mbledhjen e fundit, si dhe mendimet e derguara me email nga disa prej jush. Vini re ju lutem qe dokumenti eshte ende draft, dmth eshte i hapur per t\u2019u permiresuar, korrigjuar dhe shtuar per mbledhjen e neserme. Po jua dergoj qe sot me qellim qe secili prej jush te kete mundesi efektive per ta analizuar dhe per te kontribuuar ne permiresimin e tij\u201d, thuhet n\u00eb emailin e shp\u00ebrndar\u00eb mbr\u00ebm\u00eb nga Alibeaj.<\/p>\n<p>Mbledhja e sotme do t\u00eb tregoj\u00eb edhe nj\u00ebher\u00eb se \u00e7far\u00eb raportesh ka sot n\u00eb PD, pasi Komisioni i Rithemelimit ka vendosur t\u00eb mos jet\u00eb i pranish\u00ebm.<\/p>\n<p>&nbsp;<\/p>","protected":false},"excerpt":{"rendered":"<p>Kryetari i grupit parlamentar t\u00eb PD-s\u00eb, Enkelejd Alibeaj ka thirrur sot n\u00eb or\u00ebn 14:00 nj\u00eb mbledhje t\u00eb deputet\u00ebve p\u00ebr t\u00eb diskutuar p\u00ebr procedur\u00ebn e zgjedhjes s\u00eb Presidentit t\u00eb ri t\u00eb vendit. Nj\u00eb dit\u00eb para mbledhjes ai u ka shp\u00ebrndar\u00eb deputet\u00ebve nj\u00eb draft me kriteret dhe formul\u00ebn e zgjedhjes s\u00eb Presidentit, ku v\u00eb n\u00eb dukje faktin [&hellip;]<\/p>\n","protected":false},"author":2016,"featured_media":256932,"comment_status":"closed","ping_status":"closed","sticky":false,"template":"","format":"standard","meta":{"footnotes":""},"categories":[241,5380,231],"tags":[],"class_list":{"0":"post-256930","1":"post","2":"type-post","3":"status-publish","4":"format-standard","5":"has-post-thumbnail","7":"category-aktualitet","8":"category-kryesore","9":"category-lajme"},"_links":{"self":[{"href":"https:\/\/zjarr.tv\/en\/wp-json\/wp\/v2\/posts\/256930","targetHints":{"allow":["GET"]}}],"collection":[{"href":"https:\/\/zjarr.tv\/en\/wp-json\/wp\/v2\/posts"}],"about":[{"href":"https:\/\/zjarr.tv\/en\/wp-json\/wp\/v2\/types\/post"}],"author":[{"embeddable":true,"href":"https:\/\/zjarr.tv\/en\/wp-json\/wp\/v2\/users\/2016"}],"replies":[{"embeddable":true,"href":"https:\/\/zjarr.tv\/en\/wp-json\/wp\/v2\/comments?post=256930"}],"version-history":[{"count":0,"href":"https:\/\/zjarr.tv\/en\/wp-json\/wp\/v2\/posts\/256930\/revisions"}],"wp:featuredmedia":[{"embeddable":true,"href":"https:\/\/zjarr.tv\/en\/wp-json\/wp\/v2\/media\/256932"}],"wp:attachment":[{"href":"https:\/\/zjarr.tv\/en\/wp-json\/wp\/v2\/media?parent=256930"}],"wp:term":[{"taxonomy":"category","embeddable":true,"href":"https:\/\/zjarr.tv\/en\/wp-json\/wp\/v2\/categories?post=256930"},{"taxonomy":"post_tag","embeddable":true,"href":"https:\/\/zjarr.tv\/en\/wp-json\/wp\/v2\/tags?post=256930"}],"curies":[{"name":"wp","href":"https:\/\/api.w.org\/{rel}","templated":true}]}}