{"id":256931,"date":"2022-05-09T11:39:23","date_gmt":"2022-05-09T09:39:23","guid":{"rendered":"https:\/\/zjarr.tv\/?p=256931"},"modified":"2022-05-09T11:39:23","modified_gmt":"2022-05-09T09:39:23","slug":"edvin-kulluri-zbardh-skandalin-albana-vokshi-dhe-belind-kellici-jane-perfshire-ne-vjedhjen-e-votave","status":"publish","type":"post","link":"https:\/\/zjarr.tv\/en\/edvin-kulluri-zbardh-skandalin-albana-vokshi-dhe-belind-kellici-jane-perfshire-ne-vjedhjen-e-votave\/","title":{"rendered":"Edvin Kulluri zbardh skandalin: Albana Vokshi dhe Belind K\u00eblli\u00e7i jan\u00eb p\u00ebrfshir\u00eb n\u00eb vjedhjen e votave"},"content":{"rendered":"<p>Albana Vokshi dhe Belind K\u00eblli\u00e7i kan\u00eb vjedhur vota vjet n\u00eb kuti p\u00ebr Lulzim Bash\u00ebn kur u rizgjodh n\u00eb krye t\u00eb Partis\u00eb Demokratike pas humbjes n\u00eb zgjedhjet e 25 prillit. K\u00ebt\u00eb akuz\u00eb e deklaroi n\u00eb \u201cDita Jon\u00eb\u201d kandidati i t\u00ebrhequr nga gara p\u00ebr kreun e PD-s\u00eb Edvin Kulluri, bazuar edhe n\u00eb vet\u00eb deklarat\u00ebn e Edi Palok\u00ebs. Sipas tij t\u00eb tre k\u00ebta u shp\u00ebrblyen, n\u00eb vend q\u00eb t\u00eb ishin p\u00ebrjashtuar nga PD.<\/p>\n<p>\u201cBasha vjet ka dyfishuar votat n\u00eb kuti, kush ishin an\u00ebtar\u00ebt e komisionit. Ata jan\u00eb edhe po sot\u00a0 q\u00eb jan\u00eb Albana Vokshi dhe Belind K\u00eblli\u00e7i. K\u00ebt\u00eb e ka provuar Edi Paloka me fjal\u00ebt e tij q\u00eb e pranoi se t\u00eb gjith\u00eb kemi vjedhur vota p\u00ebr Bash\u00ebn dhe shp\u00ebrblehet me vot\u00eb p\u00ebr t\u00eb qen\u00eb kreu i K\u00ebshillit Komb\u00ebtar, kur duhet t\u00eb ishte zhdukur nga PD. Un\u00eb shoh produktin e K\u00ebshillit Komb\u00ebtar ku nuk votohet Ibsen Elezi, por Rudina Hajdari. Pazar, por k\u00ebto jan\u00eb vota e vullnet politik. Kjo \u00ebsht\u00eb p\u00ebr t\u00eb ardhur keq\u201d.-tha ai.<\/p>\n<p>Sipas tij kjo parti nuk mund t\u00eb rr\u00ebzoj\u00eb regjimin e Ram\u00ebs, pasi n\u00eb gar\u00eb me qeverin\u00eb p\u00ebr t\u00eb vjedhur vota, \u00ebsht\u00eb e humbur.<\/p>\n<p>\u201cKjo \u00ebsht\u00eb partia q\u00eb do t\u00eb rr\u00ebzoj\u00eb regjimin e Ram\u00ebs? Po t\u00eb jet\u00eb p\u00ebr t\u00eb vjedhur vota gar\u00ebn e fiton qeveria. Ky \u00ebsht\u00eb nj\u00eb projekt politik i d\u00ebshtuar \u201c.-u shpreh ai.<\/p>","protected":false},"excerpt":{"rendered":"<p>Albana Vokshi dhe Belind K\u00eblli\u00e7i kan\u00eb vjedhur vota vjet n\u00eb kuti p\u00ebr Lulzim Bash\u00ebn kur u rizgjodh n\u00eb krye t\u00eb Partis\u00eb Demokratike pas humbjes n\u00eb zgjedhjet e 25 prillit. K\u00ebt\u00eb akuz\u00eb e deklaroi n\u00eb \u201cDita Jon\u00eb\u201d kandidati i t\u00ebrhequr nga gara p\u00ebr kreun e PD-s\u00eb Edvin Kulluri, bazuar edhe n\u00eb vet\u00eb deklarat\u00ebn e Edi Palok\u00ebs. [&hellip;]<\/p>\n","protected":false},"author":2030,"featured_media":256933,"comment_status":"closed","ping_status":"closed","sticky":false,"template":"","format":"standard","meta":{"footnotes":""},"categories":[241,3366,5380,231,1454],"tags":[],"class_list":{"0":"post-256931","1":"post","2":"type-post","3":"status-publish","4":"format-standard","5":"has-post-thumbnail","7":"category-aktualitet","8":"category-koment","9":"category-kryesore","10":"category-lajme","11":"category-politike"},"_links":{"self":[{"href":"https:\/\/zjarr.tv\/en\/wp-json\/wp\/v2\/posts\/256931","targetHints":{"allow":["GET"]}}],"collection":[{"href":"https:\/\/zjarr.tv\/en\/wp-json\/wp\/v2\/posts"}],"about":[{"href":"https:\/\/zjarr.tv\/en\/wp-json\/wp\/v2\/types\/post"}],"author":[{"embeddable":true,"href":"https:\/\/zjarr.tv\/en\/wp-json\/wp\/v2\/users\/2030"}],"replies":[{"embeddable":true,"href":"https:\/\/zjarr.tv\/en\/wp-json\/wp\/v2\/comments?post=256931"}],"version-history":[{"count":0,"href":"https:\/\/zjarr.tv\/en\/wp-json\/wp\/v2\/posts\/256931\/revisions"}],"wp:featuredmedia":[{"embeddable":true,"href":"https:\/\/zjarr.tv\/en\/wp-json\/wp\/v2\/media\/256933"}],"wp:attachment":[{"href":"https:\/\/zjarr.tv\/en\/wp-json\/wp\/v2\/media?parent=256931"}],"wp:term":[{"taxonomy":"category","embeddable":true,"href":"https:\/\/zjarr.tv\/en\/wp-json\/wp\/v2\/categories?post=256931"},{"taxonomy":"post_tag","embeddable":true,"href":"https:\/\/zjarr.tv\/en\/wp-json\/wp\/v2\/tags?post=256931"}],"curies":[{"name":"wp","href":"https:\/\/api.w.org\/{rel}","templated":true}]}}