{"id":256955,"date":"2022-05-09T12:07:42","date_gmt":"2022-05-09T10:07:42","guid":{"rendered":"https:\/\/zjarr.tv\/?p=256955"},"modified":"2022-05-09T12:07:42","modified_gmt":"2022-05-09T10:07:42","slug":"mesazhi-konciz-i-berishes-hap-pas-hapi","status":"publish","type":"post","link":"https:\/\/zjarr.tv\/en\/mesazhi-konciz-i-berishes-hap-pas-hapi\/","title":{"rendered":"Mesazhi kon\u00e7iz i Berish\u00ebs: \u2018Hap pas hapi\u2019"},"content":{"rendered":"<p>Ish-Kryeministri Sali Berisha ka dh\u00ebn\u00eb nj\u00eb mesazh konciz kuptimplot\u00eb sot, me an\u00eb t\u00eb nj\u00eb fotoje t\u00eb vetme q\u00eb ka publikuar n\u00eb profilin e tij n\u00eb Fb.<\/p>\n<p>\u201cHap pas hapi\u201d titullohet fotoja p\u00ebrsh\u00ebndet\u00ebse p\u00ebr mb\u00ebshtet\u00ebsit, n\u00eb nisje t\u00eb nj\u00eb jave t\u00eb re aksioni politik p\u00ebr rithemeluesit e PD-s\u00eb.<\/p>\n<p>&nbsp;<\/p>","protected":false},"excerpt":{"rendered":"<p>Ish-Kryeministri Sali Berisha ka dh\u00ebn\u00eb nj\u00eb mesazh konciz kuptimplot\u00eb sot, me an\u00eb t\u00eb nj\u00eb fotoje t\u00eb vetme q\u00eb ka publikuar n\u00eb profilin e tij n\u00eb Fb. \u201cHap pas hapi\u201d titullohet fotoja p\u00ebrsh\u00ebndet\u00ebse p\u00ebr mb\u00ebshtet\u00ebsit, n\u00eb nisje t\u00eb nj\u00eb jave t\u00eb re aksioni politik p\u00ebr rithemeluesit e PD-s\u00eb. &nbsp;<\/p>","protected":false},"author":2016,"featured_media":256959,"comment_status":"closed","ping_status":"closed","sticky":false,"template":"","format":"standard","meta":{"footnotes":""},"categories":[241,5380,231,1454],"tags":[],"class_list":{"0":"post-256955","1":"post","2":"type-post","3":"status-publish","4":"format-standard","5":"has-post-thumbnail","7":"category-aktualitet","8":"category-kryesore","9":"category-lajme","10":"category-politike"},"_links":{"self":[{"href":"https:\/\/zjarr.tv\/en\/wp-json\/wp\/v2\/posts\/256955","targetHints":{"allow":["GET"]}}],"collection":[{"href":"https:\/\/zjarr.tv\/en\/wp-json\/wp\/v2\/posts"}],"about":[{"href":"https:\/\/zjarr.tv\/en\/wp-json\/wp\/v2\/types\/post"}],"author":[{"embeddable":true,"href":"https:\/\/zjarr.tv\/en\/wp-json\/wp\/v2\/users\/2016"}],"replies":[{"embeddable":true,"href":"https:\/\/zjarr.tv\/en\/wp-json\/wp\/v2\/comments?post=256955"}],"version-history":[{"count":0,"href":"https:\/\/zjarr.tv\/en\/wp-json\/wp\/v2\/posts\/256955\/revisions"}],"wp:featuredmedia":[{"embeddable":true,"href":"https:\/\/zjarr.tv\/en\/wp-json\/wp\/v2\/media\/256959"}],"wp:attachment":[{"href":"https:\/\/zjarr.tv\/en\/wp-json\/wp\/v2\/media?parent=256955"}],"wp:term":[{"taxonomy":"category","embeddable":true,"href":"https:\/\/zjarr.tv\/en\/wp-json\/wp\/v2\/categories?post=256955"},{"taxonomy":"post_tag","embeddable":true,"href":"https:\/\/zjarr.tv\/en\/wp-json\/wp\/v2\/tags?post=256955"}],"curies":[{"name":"wp","href":"https:\/\/api.w.org\/{rel}","templated":true}]}}