{"id":256973,"date":"2022-05-09T12:42:45","date_gmt":"2022-05-09T10:42:45","guid":{"rendered":"https:\/\/zjarr.tv\/?p=256973"},"modified":"2022-05-09T12:42:45","modified_gmt":"2022-05-09T10:42:45","slug":"salinaji-zbulon-hilen-e-bashes-tregon-se-cfare-ndodhte-ne-kryesine-e-grupit-parlamentar-para-se-te-beheshin-publike-dokumentet","status":"publish","type":"post","link":"https:\/\/zjarr.tv\/en\/salinaji-zbulon-hilen-e-bashes-tregon-se-cfare-ndodhte-ne-kryesine-e-grupit-parlamentar-para-se-te-beheshin-publike-dokumentet\/","title":{"rendered":"Salinaji zbulon hilen e Bash\u00ebs, tregon se \u00e7far\u00eb ndodhte n\u00eb kryesin\u00eb e grupit parlamentar para se t\u00eb b\u00ebheshin publike dokumentet"},"content":{"rendered":"<p>Ervin Salianji ka zbuluar hilen e Lulzim Bash\u00ebs, kur zhvilloheshin mbledhjet e kryesis\u00eb s\u00eb grupit parlamentar, kur ai ishte kryetar i PD.<\/p>\n<p>Salianji indirekt tha se Basha i udh\u00ebhequr nga Edi Rama komandonte i vet\u00ebm agjend\u00ebn e opozit\u00ebs por edhe agjend\u00ebn publike.<\/p>\n<p>Ai tha se politika e ecjes s\u00eb faktit t\u00eb kryer b\u00ebri q\u00eb deputet\u00ebt t\u00eb ndaheshin, nd\u00ebrsa shtoi se dokumentet nuk diskutoheshin me deputet\u00ebt p\u00ebrpara se t\u00eb b\u00ebhedhin publike.<\/p>\n<p>Ervin Salianji: Sepse ka nj\u00eb hile q\u00eb duhet ta komunikoj\u00eb me publikun. \u00c7do her\u00eb q\u00eb ka mbledhje\u00a0 t\u00eb grupit parlamentar t\u00eb PD, n\u00eb t\u00eb gjith\u00eb ekzistenc\u00ebn e grupit parlamentar, ka pasur mbledhje t\u00eb p\u00ebrjavshme t\u00eb kryesis\u00eb s\u00eb grupit parlamentar dhe p\u00ebrpara se dokumentet t\u00eb b\u00ebhen publike nuk diskutoheshin nj\u00ebher\u00eb me deputet\u00ebt. Politika e ecjes s\u00eb faktit t\u00eb kryer \u00ebsht\u00eb nj\u00eb n\u00eb politik\u00eb ku deputet\u00ebt u ndan\u00eb pak m\u00eb p\u00ebrpara. Nuk mund t\u00eb luhet m\u00eb ku nj\u00eb person i udh\u00ebhequr nga nj\u00eb person t\u00eb vendos\u00eb t\u00eb komandoj\u00eb jo vet\u00ebm agjend\u00ebn e opozit\u00ebs por edhe agjend\u00ebn publike.<\/p>","protected":false},"excerpt":{"rendered":"<p>Ervin Salianji ka zbuluar hilen e Lulzim Bash\u00ebs, kur zhvilloheshin mbledhjet e kryesis\u00eb s\u00eb grupit parlamentar, kur ai ishte kryetar i PD. Salianji indirekt tha se Basha i udh\u00ebhequr nga Edi Rama komandonte i vet\u00ebm agjend\u00ebn e opozit\u00ebs por edhe agjend\u00ebn publike. Ai tha se politika e ecjes s\u00eb faktit t\u00eb kryer b\u00ebri q\u00eb deputet\u00ebt [&hellip;]<\/p>\n","protected":false},"author":2016,"featured_media":256976,"comment_status":"closed","ping_status":"closed","sticky":false,"template":"","format":"standard","meta":{"footnotes":""},"categories":[241,5380,231,1454],"tags":[],"class_list":{"0":"post-256973","1":"post","2":"type-post","3":"status-publish","4":"format-standard","5":"has-post-thumbnail","7":"category-aktualitet","8":"category-kryesore","9":"category-lajme","10":"category-politike"},"_links":{"self":[{"href":"https:\/\/zjarr.tv\/en\/wp-json\/wp\/v2\/posts\/256973","targetHints":{"allow":["GET"]}}],"collection":[{"href":"https:\/\/zjarr.tv\/en\/wp-json\/wp\/v2\/posts"}],"about":[{"href":"https:\/\/zjarr.tv\/en\/wp-json\/wp\/v2\/types\/post"}],"author":[{"embeddable":true,"href":"https:\/\/zjarr.tv\/en\/wp-json\/wp\/v2\/users\/2016"}],"replies":[{"embeddable":true,"href":"https:\/\/zjarr.tv\/en\/wp-json\/wp\/v2\/comments?post=256973"}],"version-history":[{"count":0,"href":"https:\/\/zjarr.tv\/en\/wp-json\/wp\/v2\/posts\/256973\/revisions"}],"wp:featuredmedia":[{"embeddable":true,"href":"https:\/\/zjarr.tv\/en\/wp-json\/wp\/v2\/media\/256976"}],"wp:attachment":[{"href":"https:\/\/zjarr.tv\/en\/wp-json\/wp\/v2\/media?parent=256973"}],"wp:term":[{"taxonomy":"category","embeddable":true,"href":"https:\/\/zjarr.tv\/en\/wp-json\/wp\/v2\/categories?post=256973"},{"taxonomy":"post_tag","embeddable":true,"href":"https:\/\/zjarr.tv\/en\/wp-json\/wp\/v2\/tags?post=256973"}],"curies":[{"name":"wp","href":"https:\/\/api.w.org\/{rel}","templated":true}]}}