{"id":256981,"date":"2022-05-09T12:46:06","date_gmt":"2022-05-09T10:46:06","guid":{"rendered":"https:\/\/zjarr.tv\/?p=256981"},"modified":"2022-05-09T12:46:06","modified_gmt":"2022-05-09T10:46:06","slug":"jam-e-semure-kpk-shtyn-seancen-per-gjyqtaren-e-tik-tokut-nuk-tolerojme-me-heren-tjeter","status":"publish","type":"post","link":"https:\/\/zjarr.tv\/en\/jam-e-semure-kpk-shtyn-seancen-per-gjyqtaren-e-tik-tokut-nuk-tolerojme-me-heren-tjeter\/","title":{"rendered":"\u2018Jam e s\u00ebmur\u00eb\u2019, KPK shtyn seanc\u00ebn p\u00ebr gjyqtaren e \u2018Tik-tokut\u2019: Nuk tolerojm\u00eb m\u00eb her\u00ebn tjet\u00ebr"},"content":{"rendered":"<p>\u00cbsht\u00eb shtyr\u00eb seanca n\u00eb Komisionin e Pavarur t\u00eb Kualifikimit ndaj gjyqtares s\u00eb pezulluar t\u00eb Elbasanit, Enkelejda Kapedani.<\/p>\n<p>Vet\u00eb Kapedani nuk ishte sot e pranishme n\u00eb seanc\u00eb, duke justifikuar munges\u00ebn me gjendjen e saj sh\u00ebndet\u00ebsore dhe p\u00ebr k\u00ebt\u00eb dor\u00ebzoi nj\u00eb raport mjek\u00ebsor, ku thuhej se \u00ebsht\u00eb e s\u00ebmur\u00eb.<\/p>\n<p>N\u00eb k\u00ebto rrethana, KPK njoftoi mbledhjen e radh\u00ebs m\u00eb 16 maj ora 10:00, duke i k\u00ebrkuar subjektit t\u00eb marr\u00eb masa q\u00eb t\u00eb jet\u00eb e pranishme, ose t\u00eb n\u00eb kund\u00ebrt t\u00eb d\u00ebrgoj\u00eb avokat, pasi nuk do t\u00eb ket\u00eb m\u00eb shtyrje t\u00eb seanc\u00ebs.<\/p>\n<p>Kapedani \u00ebsht\u00eb e pezulluar nga detyra prej K\u00ebshillit t\u00eb Lart\u00eb Gjyq\u00ebsor, p\u00ebr shkak t\u00eb nj\u00eb procedimi disiplinor t\u00eb hapur nga Inspektori i Lart\u00eb i Drejt\u00ebsis\u00eb, pas publikimit n\u00eb Tik Tok t\u00eb disa videove t\u00eb filmuara n\u00eb zyr\u00eb dhe teksa drejtonte makin\u00ebn.<\/p>","protected":false},"excerpt":{"rendered":"<p>\u00cbsht\u00eb shtyr\u00eb seanca n\u00eb Komisionin e Pavarur t\u00eb Kualifikimit ndaj gjyqtares s\u00eb pezulluar t\u00eb Elbasanit, Enkelejda Kapedani. Vet\u00eb Kapedani nuk ishte sot e pranishme n\u00eb seanc\u00eb, duke justifikuar munges\u00ebn me gjendjen e saj sh\u00ebndet\u00ebsore dhe p\u00ebr k\u00ebt\u00eb dor\u00ebzoi nj\u00eb raport mjek\u00ebsor, ku thuhej se \u00ebsht\u00eb e s\u00ebmur\u00eb. N\u00eb k\u00ebto rrethana, KPK njoftoi mbledhjen e radh\u00ebs [&hellip;]<\/p>\n","protected":false},"author":2030,"featured_media":256982,"comment_status":"closed","ping_status":"closed","sticky":false,"template":"","format":"standard","meta":{"footnotes":""},"categories":[241,5380,231,1454],"tags":[],"class_list":{"0":"post-256981","1":"post","2":"type-post","3":"status-publish","4":"format-standard","5":"has-post-thumbnail","7":"category-aktualitet","8":"category-kryesore","9":"category-lajme","10":"category-politike"},"_links":{"self":[{"href":"https:\/\/zjarr.tv\/en\/wp-json\/wp\/v2\/posts\/256981","targetHints":{"allow":["GET"]}}],"collection":[{"href":"https:\/\/zjarr.tv\/en\/wp-json\/wp\/v2\/posts"}],"about":[{"href":"https:\/\/zjarr.tv\/en\/wp-json\/wp\/v2\/types\/post"}],"author":[{"embeddable":true,"href":"https:\/\/zjarr.tv\/en\/wp-json\/wp\/v2\/users\/2030"}],"replies":[{"embeddable":true,"href":"https:\/\/zjarr.tv\/en\/wp-json\/wp\/v2\/comments?post=256981"}],"version-history":[{"count":0,"href":"https:\/\/zjarr.tv\/en\/wp-json\/wp\/v2\/posts\/256981\/revisions"}],"wp:featuredmedia":[{"embeddable":true,"href":"https:\/\/zjarr.tv\/en\/wp-json\/wp\/v2\/media\/256982"}],"wp:attachment":[{"href":"https:\/\/zjarr.tv\/en\/wp-json\/wp\/v2\/media?parent=256981"}],"wp:term":[{"taxonomy":"category","embeddable":true,"href":"https:\/\/zjarr.tv\/en\/wp-json\/wp\/v2\/categories?post=256981"},{"taxonomy":"post_tag","embeddable":true,"href":"https:\/\/zjarr.tv\/en\/wp-json\/wp\/v2\/tags?post=256981"}],"curies":[{"name":"wp","href":"https:\/\/api.w.org\/{rel}","templated":true}]}}