{"id":256985,"date":"2022-05-09T12:50:27","date_gmt":"2022-05-09T10:50:27","guid":{"rendered":"https:\/\/zjarr.tv\/?p=256985"},"modified":"2022-05-09T12:50:27","modified_gmt":"2022-05-09T10:50:27","slug":"bozdo-nuk-ka-propozime-deputetesh-te-vecante-ne-emer-te-pd","status":"publish","type":"post","link":"https:\/\/zjarr.tv\/en\/bozdo-nuk-ka-propozime-deputetesh-te-vecante-ne-emer-te-pd\/","title":{"rendered":"Bozdo: Nuk ka propozime deputet\u00ebsh t\u00eb ve\u00e7ant\u00eb n\u00eb em\u00ebr t\u00eb PD"},"content":{"rendered":"<p>An\u00ebtari i Komisionit t\u00eb Rithemelimit, Eno Bozdo ka reaguar pas emailit t\u00eb deputetit Enkelejd Alibeaj drejtuar deputet\u00ebve, n\u00eb lidhje me procesin e zgjedhjes s\u00eb presidentit.<\/p>\n<p>Bozdo shkruan se nuk mund t\u00eb ket\u00eb propozime t\u00eb asnj\u00eb deputeti t\u00eb ve\u00e7ant\u00eb n\u00eb em\u00ebr t\u00eb PD-s\u00eb.<\/p>\n<p>\u2018Nuk mund t\u00eb ket\u00eb propozime t\u00eb asnj\u00eb deputeti t\u00eb ve\u00e7ant\u00eb n\u00eb em\u00ebr t\u00eb PD. K\u00ebt\u00eb tag\u00ebr e ka vet\u00ebm K\u00ebshilli Komb\u00ebtar i Partis\u00eb Demokratike. Rezoluta e miratuar prej tij e p\u00ebrcakton qart\u00eb k\u00ebt\u00eb fakt!\u2019, shkruan Eno Bozdo n\u00eb reagimin e tij.<\/p>\n<p>\u2018Dokumenti i shp\u00ebrndar\u00eb dje n\u00eb \u2018em\u00ebr t\u00eb grupit parlamentar t\u00eb PD\u2019, nuk \u00ebsht\u00eb gj\u00eb tjet\u00ebr ve\u00e7se disa kritere t\u00eb Ram\u00ebs, t\u00eb vendosura n\u00eb goj\u00ebn e atyre q\u00eb jo vet\u00ebm nuk p\u00ebrfaq\u00ebsojn\u00eb PD, por q\u00eb k\u00ebrkojn\u00eb q\u00eb k\u00ebshtu zgjedhjen e presidentit t\u2019ia l\u00ebn\u00eb m\u00eb dor\u00eb totalisht Ram\u00ebs!<\/p>\n<p>Rama nga ana e tij do deklaroj\u00eb q\u00eb zgjedhje ishte \u2018konsensuale\u2019 me opozit\u00ebn! Nj\u00eb skenar i turpsh\u00ebm dhe bajat \u00cbsht\u00eb nj\u00eb skenar i till\u00eb sepse synon nj\u00eb opozit\u00eb vasale, t\u00eb kapur, t\u00eb pap\u00ebrgjegjshme, n\u00eb kund\u00ebrshtim me interesat e shqiptar\u00ebve! Kjo koh\u00eb ka mbaruar!<\/p>\n<p>PD sot p\u00ebrfaq\u00ebson rezistenc\u00ebn politike dhe qytetare ndaj qeverisjes m\u00eb t\u00eb korruptuar n\u00eb Evrop\u00eb! Si e till\u00eb ajo do t\u00eb mbroj\u00eb vet\u00ebm interesat e Shqip\u00ebris\u00eb dhe shqiptar\u00ebve, dhe jo t\u00eb Ram\u00ebs dhe t\u00eb shiturve tek ai!\u2019, deklaron an\u00ebtari i Komisionit t\u00eb Rithemelimit t\u00eb PD-s\u00eb, Eno Bozdo n\u00eb deklarat\u00ebn e tij.<\/p>","protected":false},"excerpt":{"rendered":"<p>An\u00ebtari i Komisionit t\u00eb Rithemelimit, Eno Bozdo ka reaguar pas emailit t\u00eb deputetit Enkelejd Alibeaj drejtuar deputet\u00ebve, n\u00eb lidhje me procesin e zgjedhjes s\u00eb presidentit. Bozdo shkruan se nuk mund t\u00eb ket\u00eb propozime t\u00eb asnj\u00eb deputeti t\u00eb ve\u00e7ant\u00eb n\u00eb em\u00ebr t\u00eb PD-s\u00eb. \u2018Nuk mund t\u00eb ket\u00eb propozime t\u00eb asnj\u00eb deputeti t\u00eb ve\u00e7ant\u00eb n\u00eb em\u00ebr t\u00eb [&hellip;]<\/p>\n","protected":false},"author":2020,"featured_media":256986,"comment_status":"closed","ping_status":"closed","sticky":false,"template":"","format":"standard","meta":{"footnotes":""},"categories":[241,5380,231],"tags":[],"class_list":{"0":"post-256985","1":"post","2":"type-post","3":"status-publish","4":"format-standard","5":"has-post-thumbnail","7":"category-aktualitet","8":"category-kryesore","9":"category-lajme"},"_links":{"self":[{"href":"https:\/\/zjarr.tv\/en\/wp-json\/wp\/v2\/posts\/256985","targetHints":{"allow":["GET"]}}],"collection":[{"href":"https:\/\/zjarr.tv\/en\/wp-json\/wp\/v2\/posts"}],"about":[{"href":"https:\/\/zjarr.tv\/en\/wp-json\/wp\/v2\/types\/post"}],"author":[{"embeddable":true,"href":"https:\/\/zjarr.tv\/en\/wp-json\/wp\/v2\/users\/2020"}],"replies":[{"embeddable":true,"href":"https:\/\/zjarr.tv\/en\/wp-json\/wp\/v2\/comments?post=256985"}],"version-history":[{"count":0,"href":"https:\/\/zjarr.tv\/en\/wp-json\/wp\/v2\/posts\/256985\/revisions"}],"wp:featuredmedia":[{"embeddable":true,"href":"https:\/\/zjarr.tv\/en\/wp-json\/wp\/v2\/media\/256986"}],"wp:attachment":[{"href":"https:\/\/zjarr.tv\/en\/wp-json\/wp\/v2\/media?parent=256985"}],"wp:term":[{"taxonomy":"category","embeddable":true,"href":"https:\/\/zjarr.tv\/en\/wp-json\/wp\/v2\/categories?post=256985"},{"taxonomy":"post_tag","embeddable":true,"href":"https:\/\/zjarr.tv\/en\/wp-json\/wp\/v2\/tags?post=256985"}],"curies":[{"name":"wp","href":"https:\/\/api.w.org\/{rel}","templated":true}]}}