{"id":257481,"date":"2022-05-11T09:43:33","date_gmt":"2022-05-11T07:43:33","guid":{"rendered":"https:\/\/zjarr.tv\/?p=257481"},"modified":"2022-05-11T09:44:51","modified_gmt":"2022-05-11T07:44:51","slug":"gjykata-e-larte-rrezon-rekursin-e-lefter-kokes-kantina-e-veres-mbetet-nen-sekuestro","status":"publish","type":"post","link":"https:\/\/zjarr.tv\/en\/gjykata-e-larte-rrezon-rekursin-e-lefter-kokes-kantina-e-veres-mbetet-nen-sekuestro\/","title":{"rendered":"Gjykata e Lart\u00eb rr\u00ebzon rekursin e Lefter Kok\u00ebs, kantina e ver\u00ebs mbetet \u201cn\u00ebn sekuestro\u201d"},"content":{"rendered":"<p>Kantina e Pijeve \u201cGjergj Kastrioti Sk\u00ebnderbeu\u201d n\u00eb pron\u00ebsi t\u00eb ish-ministrit Lefter Koka do vazhdoj\u00eb t\u00eb jet\u00eb e sekuestruar nga Prokuroria. Ish-ministri i arrestuar p\u00ebr \u201cshp\u00ebrdorim detyre\u201d ka ankimuar vendimin e Apelit n\u00eb Gjykat\u00ebn e Lart\u00eb.<\/p>\n<p>Mir\u00ebpo, sot \u00ebsht\u00eb l\u00ebn\u00eb n\u00eb fuqi vendimi shkall\u00ebve t\u00eb tjera t\u00eb drejt\u00ebsis\u00eb. M\u00eb her\u00ebt, Gjykata e Posa\u00e7me e Apelit kishte vendosur q\u00eb kjo pasuri n\u00eb em\u00ebr t\u00eb Lefter Kok\u00ebs t\u00eb q\u00ebndroj\u00eb e sekuestruar deri n\u00eb nj\u00eb vendim p\u00ebrfundimtar t\u00eb gjykimit.<\/p>\n<p>\u201cMospranimin e rekursit t\u00eb paraqitur nga k\u00ebrkuesi Lefter Koka, kund\u00ebr vendimit t\u00eb Gjykat\u00ebs s\u00eb Apelit p\u00ebr Korrupsionin dhe Krimin e Organizuar\u201c, thuhet n\u00eb njoftimin e Gjykat\u00ebs s\u00eb Lart\u00eb.<\/p>\n<p>Edhe vet\u00eb ish-ministri ndodhet n\u00eb burg dhe m\u00eb dat\u00eb 17 maj do t\u00eb p\u00ebrballet me GJKKO. Mbi Lefter Kok\u00ebn r\u00ebndojn\u00eb dy masa sigurie \u201carrest me burg\u201d, p\u00ebr inceneratorin e Elbasanit dhe at\u00eb t\u00eb Fierit. Dyshohet se ai ka p\u00ebrfituar 3.7 milion\u00eb euro n\u00ebp\u00ebrmjet aferave korruptive.<\/p>\n<p>RRETHANAT E FAKTIT<\/p>\n<p>Nga veprimet hetimore t\u00eb kryera dhe nga vlera provuese e provave t\u00eb mbledhura krijohen dyshime t\u00eb arsyeshme dhe t\u00eb bazuara n\u00eb prova dhe krijohet bindja se nga shoq\u00ebrit\u00eb tregtare \u201cAlbtek Energy\u201d sh.p.k. (shoq\u00ebria q\u00eb ka p\u00ebrfituar kon\u00e7ensionin) dhe \u201cIntegrated Technology Services\u201d sh.p.k. (shoq\u00ebria q\u00eb ka zbatuar punimet p\u00ebr nd\u00ebrtimin e objektit t\u00eb kon\u00e7ensionit) jan\u00eb pranuar fatura tatimore shitje dhe jan\u00eb paguar detyrimet financiare p\u00ebr k\u00ebto fatura tatimore p\u00ebr disa shoq\u00ebri tregtare, p\u00ebr punime q\u00eb n\u00eb t\u00eb v\u00ebrtet\u00eb nuk jan\u00eb kryer nga k\u00ebto shoq\u00ebri tregtare.<\/p>\n<p>Shoq\u00ebria \u201cAlbtek Energy\u201d sh.p.k. ka deklaruar n\u00eb librin e blerjes faturat tatimore t\u00eb shitjeve nga k\u00ebto shoq\u00ebri tregtare n\u00eb total n\u00eb vler\u00ebn 368.672.760 lek\u00eb (ose rreth 2.950.000 Euro).<\/p>\n<p>Shoq\u00ebria \u201cIntegrated Technology Services\u201d sh.p.k. ka deklaruar n\u00eb librin e blerjes faturat tatimore t\u00eb shitjeve nga k\u00ebto shoq\u00ebri tregtare n\u00eb total n\u00eb vler\u00ebn 91.963.141 lek\u00eb (ose rreth 735.000 Euro). <\/p>\n<p>Gjat\u00eb hetimeve paraprake p\u00ebr k\u00ebt\u00eb pro\u00e7edim penal jan\u00eb mbledhur dhe jan\u00eb siguruar provat e nevojshme q\u00eb krijojn\u00eb dyshimin e arsyesh\u00ebm se shumat monetare 368.672.760 lek\u00eb  dhe 91.963.141 lek\u00eb, q\u00eb iu jan\u00eb faturuar shoq\u00ebrive \u201cAlbtek Energy\u201d sh.p.k. dhe \u201cIntegrated Technology Services\u201d sh.p.k. dhe q\u00eb jan\u00eb paguar m\u00eb pas nga k\u00ebto dy shoq\u00ebri tregtare, p\u00ebrb\u00ebjn\u00eb p\u00ebrfitime materiale t\u00eb parregullta q\u00eb i jan\u00eb dh\u00ebn\u00eb shtetasit Lefter Koka, n\u00eb cil\u00ebsin\u00eb e ish Ministrit t\u00eb Mjedisit, n\u00eb k\u00ebmbim t\u00eb favorizimit t\u00eb padrejt\u00eb t\u00eb shoq\u00ebris\u00eb \u201cAlbtek Energy\u201d sh.p.k. n\u00eb zhvillimin e pro\u00e7edur\u00ebs s\u00eb dh\u00ebnies s\u00eb kon\u00e7ensionit dhe n\u00eb lidhjen e kontrat\u00ebs s\u00eb kon\u00e7ensionit me objekt \u201cNd\u00ebrtimin dhe administrimin e impiantit t\u00eb trajtimit t\u00eb mbetjeve urbane t\u00eb Qarkut Elbasan, p\u00ebr prodhimin e energjis\u00eb\u201d.<\/p>","protected":false},"excerpt":{"rendered":"<p>Kantina e Pijeve \u201cGjergj Kastrioti Sk\u00ebnderbeu\u201d n\u00eb pron\u00ebsi t\u00eb ish-ministrit Lefter Koka do vazhdoj\u00eb t\u00eb jet\u00eb e sekuestruar nga Prokuroria. Ish-ministri i arrestuar p\u00ebr \u201cshp\u00ebrdorim detyre\u201d ka ankimuar vendimin e Apelit n\u00eb Gjykat\u00ebn e Lart\u00eb. Mir\u00ebpo, sot \u00ebsht\u00eb l\u00ebn\u00eb n\u00eb fuqi vendimi shkall\u00ebve t\u00eb tjera t\u00eb drejt\u00ebsis\u00eb. M\u00eb her\u00ebt, Gjykata e Posa\u00e7me e Apelit kishte [&hellip;]<\/p>\n","protected":false},"author":2031,"featured_media":257485,"comment_status":"closed","ping_status":"closed","sticky":false,"template":"","format":"standard","meta":{"footnotes":""},"categories":[241,231,235],"tags":[],"class_list":{"0":"post-257481","1":"post","2":"type-post","3":"status-publish","4":"format-standard","5":"has-post-thumbnail","7":"category-aktualitet","8":"category-lajme","9":"category-vendi"},"_links":{"self":[{"href":"https:\/\/zjarr.tv\/en\/wp-json\/wp\/v2\/posts\/257481","targetHints":{"allow":["GET"]}}],"collection":[{"href":"https:\/\/zjarr.tv\/en\/wp-json\/wp\/v2\/posts"}],"about":[{"href":"https:\/\/zjarr.tv\/en\/wp-json\/wp\/v2\/types\/post"}],"author":[{"embeddable":true,"href":"https:\/\/zjarr.tv\/en\/wp-json\/wp\/v2\/users\/2031"}],"replies":[{"embeddable":true,"href":"https:\/\/zjarr.tv\/en\/wp-json\/wp\/v2\/comments?post=257481"}],"version-history":[{"count":0,"href":"https:\/\/zjarr.tv\/en\/wp-json\/wp\/v2\/posts\/257481\/revisions"}],"wp:featuredmedia":[{"embeddable":true,"href":"https:\/\/zjarr.tv\/en\/wp-json\/wp\/v2\/media\/257485"}],"wp:attachment":[{"href":"https:\/\/zjarr.tv\/en\/wp-json\/wp\/v2\/media?parent=257481"}],"wp:term":[{"taxonomy":"category","embeddable":true,"href":"https:\/\/zjarr.tv\/en\/wp-json\/wp\/v2\/categories?post=257481"},{"taxonomy":"post_tag","embeddable":true,"href":"https:\/\/zjarr.tv\/en\/wp-json\/wp\/v2\/tags?post=257481"}],"curies":[{"name":"wp","href":"https:\/\/api.w.org\/{rel}","templated":true}]}}