{"id":257486,"date":"2022-05-11T11:27:27","date_gmt":"2022-05-11T09:27:27","guid":{"rendered":"https:\/\/zjarr.tv\/?p=257486"},"modified":"2022-05-11T11:27:27","modified_gmt":"2022-05-11T09:27:27","slug":"keni-9-vite-cfare-po-beni-asnje-i-ndeshkuar-per-21-janarin-pergjigjet-rama-kjo-nuk-eshte-puna-jone-kur-takoj-familjaret-une-rri-me-koke-ulur","status":"publish","type":"post","link":"https:\/\/zjarr.tv\/en\/keni-9-vite-cfare-po-beni-asnje-i-ndeshkuar-per-21-janarin-pergjigjet-rama-kjo-nuk-eshte-puna-jone-kur-takoj-familjaret-une-rri-me-koke-ulur\/","title":{"rendered":"Keni 9 vite \u00e7far\u00eb po b\u00ebni, asnj\u00eb i nd\u00ebshkuar p\u00ebr \u201c21 janarin\u201d? P\u00ebrgjigjet Rama: Kjo nuk \u00ebsht\u00eb puna jon\u00eb! Kur takoj familjar\u00ebt un\u00eb rri me kok\u00eb ulur\u2026"},"content":{"rendered":"<p>Edi Rama ka th\u00ebn\u00eb se nuk \u00ebsht\u00eb puna e tij si kryeminist\u00ebr q\u00eb t\u00eb b\u00ebj\u00eb prokurorin p\u00ebr disa \u00e7\u00ebshtje si\u00e7 \u00ebsht\u00eb \u201c21 janari\u201d apo \u201cG\u00ebrdeci\u201d.<\/p>\n<p>Kreu i qeveris\u00eb theksoi se ka mb\u00ebshtetur reform\u00ebn n\u00eb drejt\u00ebsi n\u00eb m\u00ebnyr\u00eb q\u00eb t\u00eb vendoset drejt\u00ebsia n\u00eb vend dhe mos q\u00ebndroj\u00eb kokulur p\u00ebrball\u00eb familjar\u00ebve t\u00eb viktimave t\u00eb 21 janarit.<\/p>\n<p>Pyetje: Keni 9 vite n\u00eb pushtet, \u00e7far\u00eb ndihme i keni dh\u00ebn\u00eb organeve t\u00eb Drejt\u00ebsis\u00eb p\u00ebr \u00e7\u00ebshtjet e \u201c21 janari\u201d, \u201cG\u00ebrdecin\u201d, afer\u00ebn \u201cCEZ\/DIA\u201d, etj?<\/p>\n<p>P\u00ebrgjigjet Rama: \u201c\u00c7far\u00eb \u00ebsht\u00eb kjo pyetje q\u00eb b\u00ebni ju? Kjo nuk \u00ebsht\u00eb puna jon\u00eb, \u00ebsht\u00eb habi e\u00a0 madhe t\u00eb flitet n\u00eb k\u00ebt\u00eb m\u00ebnyr\u00eb. Nuk a e ka ngarkuar as populli shqiptar as kushtetuta. Ne nuk kemi detyr\u00eb t\u00eb b\u00ebjm\u00eb pun\u00ebn e drejt\u00ebsis\u00eb. \u00c7far\u00eb kam b\u00ebr\u00eb un\u00eb? Ta din\u00eb t\u00eb gjith\u00eb q\u00eb un\u00eb kam udh\u00ebhequr reform\u00ebn m\u00eb t\u00eb madhe t\u00eb Republik\u00ebs s\u00eb Shqip\u00ebris\u00eb edhe t\u00eb Mbret\u00ebris\u00eb po t\u00eb doni t\u00eb cil\u00ebn e kemi b\u00ebr\u00eb ne me mb\u00ebshtetjen e Amerik\u00ebs dhe BE. Po mos doja un\u00eb dhe mos isha n\u00eb nj\u00eb gjat\u00ebsi vale me lider\u00ebt e tjer\u00eb ta harrojeni q\u00eb do t\u00eb ndodhet kjo\u00a0 sic nuk ka ndodhur vite m\u00eb par\u00eb. Nuk na i b\u00ebnin me detyrim jo, do ta shtynim n\u00eb nj\u00eb far\u00eb feje. Un\u00eb i kam q\u00ebndruar asaj q\u00eb kam th\u00ebn\u00eb se nuk jam ekspert dhe e vetmja gj\u00eb q\u00eb b\u00ebj n\u00eb k\u00ebt\u00eb reform\u00eb q\u00eb PS nuk b\u00ebn politik\u00eb me draftin e reform\u00ebs ta marrin ekspert\u00ebt dhe un\u00eb do t\u00eb them po pa u l\u00ebkundur fare. Kjo pyetje nuk do t\u00eb vinte sot n\u00ebse SPAK do t\u00eb bunet pun\u00ebn e tyre. Un\u00eb nuk mund t\u00eb pres \u00e7do 21 janar q\u00eb t\u00eb rri me kok\u00eb ulur para atyre njer\u00ebzve dhe m\u00eb shikojn\u00eb n\u00eb sy dhe ata e mendojn\u00eb se ja edhe Ediu Rama nuk e ka mendjen tek plaga jon\u00eb m\u00eb dhe ne jemi shitur nga gjitha an\u00ebt. Ky vend \u00ebsht\u00eb interesant shum\u00eb sa m\u00eb urt\u00eb t\u00eb jesh aq m\u00eb kollaj t\u00eb godasin, sa m\u00eb shum\u00eb t\u00eb b\u00ebsh rolin e qenit t\u00eb thon\u00eb mos e ngacmo se t\u00eb leh m\u00eb fort\u201d, u shpreh Rama.<\/p>","protected":false},"excerpt":{"rendered":"<p>Edi Rama ka th\u00ebn\u00eb se nuk \u00ebsht\u00eb puna e tij si kryeminist\u00ebr q\u00eb t\u00eb b\u00ebj\u00eb prokurorin p\u00ebr disa \u00e7\u00ebshtje si\u00e7 \u00ebsht\u00eb \u201c21 janari\u201d apo \u201cG\u00ebrdeci\u201d. Kreu i qeveris\u00eb theksoi se ka mb\u00ebshtetur reform\u00ebn n\u00eb drejt\u00ebsi n\u00eb m\u00ebnyr\u00eb q\u00eb t\u00eb vendoset drejt\u00ebsia n\u00eb vend dhe mos q\u00ebndroj\u00eb kokulur p\u00ebrball\u00eb familjar\u00ebve t\u00eb viktimave t\u00eb 21 janarit. Pyetje: [&hellip;]<\/p>\n","protected":false},"author":2016,"featured_media":257487,"comment_status":"closed","ping_status":"closed","sticky":false,"template":"","format":"standard","meta":{"footnotes":""},"categories":[241,5380,231],"tags":[],"class_list":{"0":"post-257486","1":"post","2":"type-post","3":"status-publish","4":"format-standard","5":"has-post-thumbnail","7":"category-aktualitet","8":"category-kryesore","9":"category-lajme"},"_links":{"self":[{"href":"https:\/\/zjarr.tv\/en\/wp-json\/wp\/v2\/posts\/257486","targetHints":{"allow":["GET"]}}],"collection":[{"href":"https:\/\/zjarr.tv\/en\/wp-json\/wp\/v2\/posts"}],"about":[{"href":"https:\/\/zjarr.tv\/en\/wp-json\/wp\/v2\/types\/post"}],"author":[{"embeddable":true,"href":"https:\/\/zjarr.tv\/en\/wp-json\/wp\/v2\/users\/2016"}],"replies":[{"embeddable":true,"href":"https:\/\/zjarr.tv\/en\/wp-json\/wp\/v2\/comments?post=257486"}],"version-history":[{"count":0,"href":"https:\/\/zjarr.tv\/en\/wp-json\/wp\/v2\/posts\/257486\/revisions"}],"wp:featuredmedia":[{"embeddable":true,"href":"https:\/\/zjarr.tv\/en\/wp-json\/wp\/v2\/media\/257487"}],"wp:attachment":[{"href":"https:\/\/zjarr.tv\/en\/wp-json\/wp\/v2\/media?parent=257486"}],"wp:term":[{"taxonomy":"category","embeddable":true,"href":"https:\/\/zjarr.tv\/en\/wp-json\/wp\/v2\/categories?post=257486"},{"taxonomy":"post_tag","embeddable":true,"href":"https:\/\/zjarr.tv\/en\/wp-json\/wp\/v2\/tags?post=257486"}],"curies":[{"name":"wp","href":"https:\/\/api.w.org\/{rel}","templated":true}]}}