{"id":257496,"date":"2022-05-11T12:02:32","date_gmt":"2022-05-11T10:02:32","guid":{"rendered":"https:\/\/zjarr.tv\/?p=257496"},"modified":"2022-05-11T12:02:32","modified_gmt":"2022-05-11T10:02:32","slug":"me-ler-te-te-pres-penalltine-sepse-kam-nusen-ne-stadium-kerkesa-e-cuditshme-ndaj-neymar","status":"publish","type":"post","link":"https:\/\/zjarr.tv\/en\/me-ler-te-te-pres-penalltine-sepse-kam-nusen-ne-stadium-kerkesa-e-cuditshme-ndaj-neymar\/","title":{"rendered":"\u201cM\u00eb l\u00ebr t\u00eb t\u00eb pres penalltin\u00eb sepse kam nusen n\u00eb stadium\u201d, k\u00ebrkesa e \u00e7uditshme ndaj Neymar"},"content":{"rendered":"<p>N\u00eb ndeshjen e fundjav\u00ebs q\u00eb PSG barazoi me Troyes, lajmi nuk ishin v\u00ebrsh\u00ebllimat e tifoz\u00ebve t\u00eb Parisit, hapi i radh\u00ebs fals i ekipit t\u00eb mbushur me yje apo l\u00ebnia n\u00eb stol s\u00ebrish e Sergio Ramos.<\/p>\n<p>N\u00eb nj\u00eb ndeshje t\u00eb par\u00ebnd\u00ebsishme p\u00ebr PSG, q\u00eb \u00ebsht\u00eb shpallur tashm\u00eb kampion, protagonisti i mbr\u00ebmjes ishte portieri i Troyes dhe jo vet\u00ebm p\u00ebr pritjet e tij t\u00eb jasht\u00ebzakonshme.<\/p>\n<p>N\u00eb minut\u00ebn e 23-t\u00eb t\u00eb ndeshjes, kur sfida ishte 1-0, arbitri akordoi 11-met\u00ebrsh p\u00ebr PSG. Neymar iu afrua pik\u00ebs s\u00eb bardh\u00eb dhe pik\u00ebrisht n\u00eb k\u00ebt\u00eb moment, portieri Jessy Moulin iu afrua brazilianit duke i b\u00ebr\u00eb nj\u00eb k\u00ebrkes\u00eb q\u00eb shkaktoi t\u00eb qeshurat e sulmuesit.<\/p>\n<p>Vet\u00eb portieri i tregoi \u201cLe Parisien\u201d se i kishte k\u00ebrkuar Neymarit q\u00eb t\u2019i tregonte se nga cila an\u00eb do t\u00eb godiste: \u201cI thash\u00eb se n\u00ebse do t\u2019i prisja penalltin\u00eb, do t\u00eb b\u00ebja krenar\u00eb prind\u00ebrit e mi, v\u00ebllez\u00ebrit dhe nusen, q\u00eb kishin ardhur n\u00eb stadium.<\/p>\n<p>Ju luta t\u00eb m\u00eb tregonte t\u00eb pakt\u00ebn nga do t\u00eb godiste. Ai m\u00eb tha q\u00eb t\u2019i tregoja nga do t\u00eb hidhesha, q\u00eb t\u00eb m\u00eb tregonte nga do t\u00eb godiste. \u201cZgjidh krahun se ta them un\u00eb\u201d, m\u2019u drejtua. Nuk ia tregova krahun, por gjat\u00eb gjith\u00eb k\u00ebtyre batutave, qesh\u00ebm shum\u00eb\u201d.<\/p>\n<p>Si p\u00ebrfundim, Neymar sh\u00ebnoi, me portierin q\u00eb nuk u hodh fare, duke menduar se braziliani do t\u00eb b\u00ebnte nj\u00eb \u201cPanenka\u201d.<\/p>","protected":false},"excerpt":{"rendered":"<p>N\u00eb ndeshjen e fundjav\u00ebs q\u00eb PSG barazoi me Troyes, lajmi nuk ishin v\u00ebrsh\u00ebllimat e tifoz\u00ebve t\u00eb Parisit, hapi i radh\u00ebs fals i ekipit t\u00eb mbushur me yje apo l\u00ebnia n\u00eb stol s\u00ebrish e Sergio Ramos. N\u00eb nj\u00eb ndeshje t\u00eb par\u00ebnd\u00ebsishme p\u00ebr PSG, q\u00eb \u00ebsht\u00eb shpallur tashm\u00eb kampion, protagonisti i mbr\u00ebmjes ishte portieri i Troyes dhe [&hellip;]<\/p>\n","protected":false},"author":2016,"featured_media":257497,"comment_status":"closed","ping_status":"closed","sticky":false,"template":"","format":"standard","meta":{"footnotes":""},"categories":[241,5380,231,1454],"tags":[],"class_list":{"0":"post-257496","1":"post","2":"type-post","3":"status-publish","4":"format-standard","5":"has-post-thumbnail","7":"category-aktualitet","8":"category-kryesore","9":"category-lajme","10":"category-politike"},"_links":{"self":[{"href":"https:\/\/zjarr.tv\/en\/wp-json\/wp\/v2\/posts\/257496","targetHints":{"allow":["GET"]}}],"collection":[{"href":"https:\/\/zjarr.tv\/en\/wp-json\/wp\/v2\/posts"}],"about":[{"href":"https:\/\/zjarr.tv\/en\/wp-json\/wp\/v2\/types\/post"}],"author":[{"embeddable":true,"href":"https:\/\/zjarr.tv\/en\/wp-json\/wp\/v2\/users\/2016"}],"replies":[{"embeddable":true,"href":"https:\/\/zjarr.tv\/en\/wp-json\/wp\/v2\/comments?post=257496"}],"version-history":[{"count":0,"href":"https:\/\/zjarr.tv\/en\/wp-json\/wp\/v2\/posts\/257496\/revisions"}],"wp:featuredmedia":[{"embeddable":true,"href":"https:\/\/zjarr.tv\/en\/wp-json\/wp\/v2\/media\/257497"}],"wp:attachment":[{"href":"https:\/\/zjarr.tv\/en\/wp-json\/wp\/v2\/media?parent=257496"}],"wp:term":[{"taxonomy":"category","embeddable":true,"href":"https:\/\/zjarr.tv\/en\/wp-json\/wp\/v2\/categories?post=257496"},{"taxonomy":"post_tag","embeddable":true,"href":"https:\/\/zjarr.tv\/en\/wp-json\/wp\/v2\/tags?post=257496"}],"curies":[{"name":"wp","href":"https:\/\/api.w.org\/{rel}","templated":true}]}}