{"id":257502,"date":"2022-05-11T12:14:39","date_gmt":"2022-05-11T10:14:39","guid":{"rendered":"https:\/\/zjarr.tv\/?p=257502"},"modified":"2022-05-11T12:14:39","modified_gmt":"2022-05-11T10:14:39","slug":"rama-kercenon-gjykatesit-dhe-prokuroret-me-logon-e-ps-kryemadhi-i-pergjigjet-kryeministrit-sistemi-i-drejtesise-te-hetoje-bandat-e-qeverise-tik-tak-ora-jote-po-a","status":"publish","type":"post","link":"https:\/\/zjarr.tv\/en\/rama-kercenon-gjykatesit-dhe-prokuroret-me-logon-e-ps-kryemadhi-i-pergjigjet-kryeministrit-sistemi-i-drejtesise-te-hetoje-bandat-e-qeverise-tik-tak-ora-jote-po-a\/","title":{"rendered":"\u201cRama k\u00ebrc\u00ebnon gjykat\u00ebsit dhe prokuror\u00ebt me logon e PS\u201d, Kryemadhi i p\u00ebrgjigjet kryeministrit: Sistemi i drejt\u00ebsis\u00eb t\u00eb hetoj\u00eb bandat e qeveris\u00eb, \u201cTik-Tak\u201d ora jote po afron!"},"content":{"rendered":"<p>Reagon Monika Kryemadhi:<\/p>\n<p>\u201cN\u00eb vitin 2016 miratuam me 140 vota dhe ndihm\u00ebn e SHBA-BE nj\u00eb reform\u00eb n\u00eb drejt\u00ebsi q\u00eb t\u00eb hiqnim p\u00ebrfundimisht duart e politik\u00ebs nga drejt\u00ebsia.<\/p>\n<p>Sot, kryeministri i vendit e ka vendosur partin\u00eb e tij n\u00eb pushtet, n\u00eb funksion t\u00eb k\u00ebrc\u00ebnimit t\u00eb prokuror\u00ebve dhe gjyqtar\u00ebve, q\u00eb t\u00eb mos d\u00ebnojn\u00eb korrupsionin e grupit t\u00eb tij. Gjith\u00e7ka e th\u00ebn\u00eb me logon e partis\u00eb socialiste n\u00eb sfond.<\/p>\n<p>Moralisht e turpshme, ligj\u00ebrisht e d\u00ebnueshme!<\/p>\n<p>Rama deklaron se ka udh\u00ebhequr Reform\u00ebn n\u00eb Drejt\u00ebsi, por ajo nuk \u00ebsht\u00eb si reforma n\u00eb ujin e pijsh\u00ebm q\u00eb ai me Alqin e incenerator\u00ebve e p\u00ebrdor\u00ebn p\u00ebr t\u00eb zhytur drejt falimentit bashkit\u00eb dhe duke r\u00ebnduar familjet shqiptare p\u00ebrmes taksave t\u00eb larta.<\/p>\n<p>Reform\u00ebn n\u00eb Drejt\u00ebsi e konceptuam dhe miratuam me 140 vota q\u00eb t\u00eb mos ishte Ramaforma e radh\u00ebs. Sot shohim si Rama i ng\u00ebrdheshet prokuror\u00ebve dhe gjyqtar\u00ebve, duke i th\u00ebn\u00eb se i ka ndihmuar t\u00eb kalojn\u00eb vetingun, ndaj \u00ebsht\u00eb herezi q\u00eb sistemi i drejt\u00ebsis\u00eb t\u00eb hetoj\u00eb kryekorruptuesin e sistemit dhe band\u00ebn e tij.<\/p>\n<p>Nj\u00eb sistem i pavarur i drejt\u00ebsis\u00eb \u00ebsht\u00eb jetik p\u00ebr t\u00eb frenuar shpopullimin dhe nxitur integrimin evropian t\u00eb Shqip\u00ebris\u00eb, nd\u00ebrsa synimet e kryeministrit jan\u00eb krejt t\u00eb ndryshme. Tik Tak ora jote po afron!\u201d\u201d.<\/p>","protected":false},"excerpt":{"rendered":"<p>Reagon Monika Kryemadhi: \u201cN\u00eb vitin 2016 miratuam me 140 vota dhe ndihm\u00ebn e SHBA-BE nj\u00eb reform\u00eb n\u00eb drejt\u00ebsi q\u00eb t\u00eb hiqnim p\u00ebrfundimisht duart e politik\u00ebs nga drejt\u00ebsia. Sot, kryeministri i vendit e ka vendosur partin\u00eb e tij n\u00eb pushtet, n\u00eb funksion t\u00eb k\u00ebrc\u00ebnimit t\u00eb prokuror\u00ebve dhe gjyqtar\u00ebve, q\u00eb t\u00eb mos d\u00ebnojn\u00eb korrupsionin e grupit t\u00eb [&hellip;]<\/p>\n","protected":false},"author":2016,"featured_media":257503,"comment_status":"closed","ping_status":"closed","sticky":false,"template":"","format":"standard","meta":{"footnotes":""},"categories":[241,5380,231,1454],"tags":[],"class_list":{"0":"post-257502","1":"post","2":"type-post","3":"status-publish","4":"format-standard","5":"has-post-thumbnail","7":"category-aktualitet","8":"category-kryesore","9":"category-lajme","10":"category-politike"},"_links":{"self":[{"href":"https:\/\/zjarr.tv\/en\/wp-json\/wp\/v2\/posts\/257502","targetHints":{"allow":["GET"]}}],"collection":[{"href":"https:\/\/zjarr.tv\/en\/wp-json\/wp\/v2\/posts"}],"about":[{"href":"https:\/\/zjarr.tv\/en\/wp-json\/wp\/v2\/types\/post"}],"author":[{"embeddable":true,"href":"https:\/\/zjarr.tv\/en\/wp-json\/wp\/v2\/users\/2016"}],"replies":[{"embeddable":true,"href":"https:\/\/zjarr.tv\/en\/wp-json\/wp\/v2\/comments?post=257502"}],"version-history":[{"count":0,"href":"https:\/\/zjarr.tv\/en\/wp-json\/wp\/v2\/posts\/257502\/revisions"}],"wp:featuredmedia":[{"embeddable":true,"href":"https:\/\/zjarr.tv\/en\/wp-json\/wp\/v2\/media\/257503"}],"wp:attachment":[{"href":"https:\/\/zjarr.tv\/en\/wp-json\/wp\/v2\/media?parent=257502"}],"wp:term":[{"taxonomy":"category","embeddable":true,"href":"https:\/\/zjarr.tv\/en\/wp-json\/wp\/v2\/categories?post=257502"},{"taxonomy":"post_tag","embeddable":true,"href":"https:\/\/zjarr.tv\/en\/wp-json\/wp\/v2\/tags?post=257502"}],"curies":[{"name":"wp","href":"https:\/\/api.w.org\/{rel}","templated":true}]}}