{"id":257831,"date":"2022-05-12T12:34:23","date_gmt":"2022-05-12T10:34:23","guid":{"rendered":"https:\/\/zjarr.tv\/?p=257831"},"modified":"2022-05-12T12:34:23","modified_gmt":"2022-05-12T10:34:23","slug":"duket-se-edi-rama-po-ngre-strofullen-anti-soros","status":"publish","type":"post","link":"https:\/\/zjarr.tv\/en\/duket-se-edi-rama-po-ngre-strofullen-anti-soros\/","title":{"rendered":"Duket se Edi Rama po ngre \u2018strofull\u00ebn\u2019 anti-Soros?!"},"content":{"rendered":"<p>Nga Kastriot Islami<\/p>\n<p>Rama ka nj\u00eb hall shum\u00eb t\u00eb madh, q\u00eb duket se po e mundon n\u00eb ekstrem. Duket se ky hall i madh lidhet kryesisht me sjelljen e \u201cbosit\u201d q\u00eb e ka mb\u00ebshtetur deri tani p\u00ebr t\u00eb ardhur n\u00eb pushtet dhe q\u00eb i ka shtruar rrug\u00ebn p\u00ebr t\u00eb q\u00ebndruar 3 mandate, por q\u00eb tani duket se po e \u201cdetyron\u201d t\u2019i hap\u00eb rrug\u00eb trash\u00ebgimtarit. N\u00eb korridoret e politik\u00ebs qarkullon \u201clajmi\u201d se Ram\u00ebn s\u2019e mb\u00ebshtet m\u00eb \u201cbosi\u201d i madh, sepse mendon q\u00eb ai \u00ebsht\u00eb konsumuar dhe duhet ta mbyll\u00eb \u201cmisionin\u201d e tij duke u vendosur n\u00eb presidenc\u00eb p\u00ebr t\u00eb pasur mbrojtje nga nd\u00ebshkimi dhe sekuestrimi i pasurive t\u00eb paligjshme, por mbi t\u00eb gjitha p\u00ebr t\u2019i hapur rrug\u00ebn trash\u00ebgimtarit q\u00eb ka koh\u00eb q\u00eb p\u00ebrgatitet p\u00ebr k\u00ebt\u00eb kalim duke vler\u00ebsuar se ky \u00ebsht\u00eb momenti ideal kur mund t\u00eb b\u00ebhet kjo \u2018rokad\u00eb\u2019.<\/p>\n<p>Rama e kund\u00ebrshton tani k\u00ebt\u00eb opsion, q\u00eb m\u00eb par\u00eb e kishte k\u00ebrkuar vet\u00eb, m\u00eb shum\u00eb nga frika se trash\u00ebgimtari mund t\u00eb aplikoj\u00eb \u201cat\u00ebvrasjen\u201d dhe prandaj duket se gjykon q\u00eb mund t\u00eb q\u00ebndroj\u00eb edhe p\u00ebr 1-2 mandate n\u00eb pozicionet q\u00eb zot\u00ebron sepse sipas \u201copsionit rokad\u00eb\u201d t\u00eb dy postet q\u00eb mban ai aktualisht, pas raundit t\u00eb 5-t\u00eb t\u00eb zgjedhjes s\u00eb presidentit, do t\u2019i duhet t\u2019i kalojn\u00eb trash\u00ebgimtarit.<\/p>\n<p>Kjo skem\u00eb duket se \u00ebsht\u00eb mbyllur p\u00ebrfundimisht nga \u201cbosi\u201d dhe me shum\u00eb gjasa s\u2019ka m\u00eb asnj\u00eb hap\u00ebsir\u00eb p\u00ebr diskutime. Ai q\u00eb ka projektuar dhe \u201curdh\u00ebruar\u201d k\u00ebt\u00eb opsion edhe me k\u00ebrkes\u00eb t\u00eb vet\u00eb Ram\u00ebs p\u00ebr \u201cgaranci nga skifter\u00ebt opozitar\u00eb\u201d tani duket se s\u2019pranon m\u00eb asnj\u00eb kthim mbrapsht sepse p\u00ebr t\u00eb arritur deri k\u00ebtu iu \u00ebsht\u00eb dashur shum\u00eb \u201cenergji e konsumuar\u201d dhe shum\u00eb \u201cimazh i d\u00ebmtuar\u201d.<\/p>\n<p>Rama ka ndryshuar mendim nga frika se trash\u00ebgimtari mund t\u00eb aplikoj\u00eb \u201cat\u00ebvrasjen\u201d p\u00ebrmes mekanizmave (pushtetit dhe gjyq\u00ebsorit) q\u00eb sot kontrollohen prej tij, por nes\u00ebr do t\u00eb mund t\u00eb kontrollohen nga trash\u00ebgimtari&#8230; Rama, p\u00ebr t\u2019i shp\u00ebtuar k\u00ebtij \u201cnd\u00ebshkimi\/at\u00ebvrasjeje\u201d dhe p\u00ebr t\u00eb marr\u00eb garanci t\u00eb reja, duket se ka vendosur n\u00eb loj\u00eb shuma t\u00eb majme, por edhe duket se po provokon me \u201ck\u00ebrc\u00ebnime\u201d t\u00eb paarsyeshme q\u00eb jo vet\u00ebm s\u2019besohen, por nd\u00ebrkoh\u00eb jan\u00eb marr\u00eb t\u00eb gjitha masat q\u00eb ky \u201cdron prej kartoni\u201d t\u00eb digjet n\u00eb aj\u00ebr pa mundur t\u00eb p\u00ebrfundoj\u00eb n\u00eb lindje si\u00e7 po programon ai.<\/p>\n<p>Konferenca e djeshme p\u00ebr shtyp, ku pran\u00eb tij Rama kishte nj\u00eb lolo q\u00eb po e imiton deri te mjekra, ishte p\u00ebrs\u00ebri pasqyrim i qart\u00eb dhe i plot\u00eb i \u201challit t\u00eb madh\u201d q\u00eb vazhdon ta mundoj\u00eb ndon\u00ebse fillimisht u p\u00ebrpoq p\u00ebr t\u00eb qen\u00eb i qet\u00eb dhe hequr \u00e7do lloj dyshimi p\u00ebr panikun q\u00eb e ka z\u00ebn\u00eb, por k\u00ebt\u00eb alibi ia hodhi \u00ebe pari n\u00eb er\u00eb gazetari i A2 CNN, por mbi t\u00eb gjitha shou i tij mediok\u00ebr. Thelbi i q\u00ebndrimit lidhet me faktin se Rama s\u2019ka besim se azilimi n\u00eb presidenc\u00eb do t\u2019i siguronte qet\u00ebsin\u00eb e menduar meq\u00eb sipas tij trash\u00ebgimtari duket i vendosur p\u00ebr \u201cat\u00ebvrasje\u201d. Dhe i dominuar nga kjo sindrom\u00eb, Ram\u00ebn e lan\u00eb nervat gjat\u00eb konferenc\u00ebs p\u00ebr shtyp. Tre ishin momentet e \u00e7ekuilibrimit: i) kur \u201cbullizoi\u201d gazetarin e A2 CNN; ii) kur deklaroi di\u00e7ka q\u00eb fle n\u00eb subkoshienc\u00ebn e tij p\u00ebr Sorosin, q\u00eb duket tanim\u00eb e shikon si \u201cstrumbullarin\u201d e t\u00eb gjith\u00eb k\u00ebsaj turbullire dhe iii) kur p\u00ebrs\u00ebri me stilin e batutave\/barsoletave dhe gjestet e nj\u00eb kaporali sulmoi ambasadoren Kim, pra DASH.<\/p>\n<p>Nga dje duket se Rama po p\u00ebrgatitet p\u00ebr t\u00eb aplikuar at\u00eb q\u00eb fle n\u00eb subkoshienc\u00ebn e tij, pra p\u00ebr t\u00eb ngritur \u201cstrofull\u00ebn anti-Soros\u201d n\u00eb PS, gj\u00eb q\u00eb e ka b\u00ebr\u00eb edhe m\u00eb par\u00eb me ish-ambasadorin e SHBA, p\u00ebr t\u2019i treguar se nuk e pranon zgjidhjen e tij p\u00ebr azilim n\u00eb presidenc\u00eb. Dhe p\u00ebr ta b\u00ebr\u00eb akoma m\u00eb k\u00ebrc\u00ebnuese skem\u00ebn e tij, duket se l\u00ebshon mesazhe t\u00eb rrezikshme p\u00ebr kap\u00ebrcim nga lindja q\u00eb askush jo vet\u00ebm s\u2019e beson, por nd\u00ebrkoh\u00eb duket jan\u00eb marr\u00eb t\u00eb gjith\u00eb masat p\u00ebr ta \u201cshp\u00ebrthyer\u201d n\u00eb aj\u00ebr k\u00ebt\u00eb \u201cdron prej lecke\u201d.<\/p>\n<p>Edhe me takimet n\u00eb Hag\u00eb apo acarimet me Stambollin ve\u00e7se e \u00ebsht\u00eb r\u00ebnduar situata e autokratit n\u00eb ikje drejt azilit n\u00eb presidenc\u00eb, pavar\u00ebsisht se ai i paraqet si dyshime p\u00ebr \u201cat\u00ebvrasje\u201d nga trash\u00ebgimtari, e cila iu ka ndodhur pothuajse gjithnj\u00eb autokrat\u00ebve t\u00eb k\u00ebtij \u201ckalibri\u201d kur kan\u00eb marr\u00eb p\u00ebrsip\u00ebr detyra apo kan\u00eb kryer veprime q\u00eb kan\u00eb zem\u00ebruar qytetar\u00ebt deri n\u00eb perceptime antiamerikanizmi t\u00eb kapur nga sondazhe serioze t\u00eb kryera nga kompani t\u00eb besueshme n\u00eb vendet ku ata kan\u00eb vepruar&#8230;!<\/p>\n<p>Rama gjithashtu i frik\u00ebsohet nj\u00eb skenari t\u00eb ngjash\u00ebm me autokratin gjeorgjian q\u00eb pasi u \u201cp\u00ebrplas\u201d me \u201cbosin\u201d dhe nuk d\u00ebgjoi m\u00eb \u201cmesazhet\u201d e tij, p\u00ebrfundoi n\u00eb personazh apartid!<\/p>","protected":false},"excerpt":{"rendered":"<p>Nga Kastriot Islami Rama ka nj\u00eb hall shum\u00eb t\u00eb madh, q\u00eb duket se po e mundon n\u00eb ekstrem. Duket se ky hall i madh lidhet kryesisht me sjelljen e \u201cbosit\u201d q\u00eb e ka mb\u00ebshtetur deri tani p\u00ebr t\u00eb ardhur n\u00eb pushtet dhe q\u00eb i ka shtruar rrug\u00ebn p\u00ebr t\u00eb q\u00ebndruar 3 mandate, por q\u00eb tani [&hellip;]<\/p>\n","protected":false},"author":2030,"featured_media":257832,"comment_status":"closed","ping_status":"closed","sticky":false,"template":"","format":"standard","meta":{"footnotes":""},"categories":[241,3366,5380,231],"tags":[],"class_list":{"0":"post-257831","1":"post","2":"type-post","3":"status-publish","4":"format-standard","5":"has-post-thumbnail","7":"category-aktualitet","8":"category-koment","9":"category-kryesore","10":"category-lajme"},"_links":{"self":[{"href":"https:\/\/zjarr.tv\/en\/wp-json\/wp\/v2\/posts\/257831","targetHints":{"allow":["GET"]}}],"collection":[{"href":"https:\/\/zjarr.tv\/en\/wp-json\/wp\/v2\/posts"}],"about":[{"href":"https:\/\/zjarr.tv\/en\/wp-json\/wp\/v2\/types\/post"}],"author":[{"embeddable":true,"href":"https:\/\/zjarr.tv\/en\/wp-json\/wp\/v2\/users\/2030"}],"replies":[{"embeddable":true,"href":"https:\/\/zjarr.tv\/en\/wp-json\/wp\/v2\/comments?post=257831"}],"version-history":[{"count":0,"href":"https:\/\/zjarr.tv\/en\/wp-json\/wp\/v2\/posts\/257831\/revisions"}],"wp:featuredmedia":[{"embeddable":true,"href":"https:\/\/zjarr.tv\/en\/wp-json\/wp\/v2\/media\/257832"}],"wp:attachment":[{"href":"https:\/\/zjarr.tv\/en\/wp-json\/wp\/v2\/media?parent=257831"}],"wp:term":[{"taxonomy":"category","embeddable":true,"href":"https:\/\/zjarr.tv\/en\/wp-json\/wp\/v2\/categories?post=257831"},{"taxonomy":"post_tag","embeddable":true,"href":"https:\/\/zjarr.tv\/en\/wp-json\/wp\/v2\/tags?post=257831"}],"curies":[{"name":"wp","href":"https:\/\/api.w.org\/{rel}","templated":true}]}}