{"id":257835,"date":"2022-05-12T12:48:02","date_gmt":"2022-05-12T10:48:02","guid":{"rendered":"https:\/\/zjarr.tv\/?p=257835"},"modified":"2022-05-12T12:48:02","modified_gmt":"2022-05-12T10:48:02","slug":"ose-me-tregtaret-ose-me-fshataret-brace-kritika-qeverise-sektoret-e-ekonomise-jane-lene-ne-duart-e-dy-apo-tre-kompanive","status":"publish","type":"post","link":"https:\/\/zjarr.tv\/en\/ose-me-tregtaret-ose-me-fshataret-brace-kritika-qeverise-sektoret-e-ekonomise-jane-lene-ne-duart-e-dy-apo-tre-kompanive\/","title":{"rendered":"\u201cOse me tregtar\u00ebt, ose me fshatar\u00ebt\u201d, Bra\u00e7e kritika qeveris\u00eb: Sektor\u00ebt e ekonomis\u00eb jan\u00eb l\u00ebn\u00eb n\u00eb duart e dy apo tre kompanive"},"content":{"rendered":"<p>Ish-z\u00ebvend\u00ebskryeministri Erion Bra\u00e7e ka folur n\u00eb seanc\u00ebn e sotme plenare p\u00ebr rritjen e \u00e7mimeve n\u00eb vend. N\u00eb fjal\u00ebn e tij, deputeti Bra\u00e7e theksoi se maxhoranca socialiste ka d\u00ebshtuar gjat\u00eb k\u00ebtyre 8 viteve q\u00eb t\u00eb heq\u00eb barrierat e vendosura nga Partia Demokratike dhe t\u00eb b\u00ebj\u00eb hapjen e tregjeve, duke i l\u00ebn\u00eb shum\u00eb sektor\u00eb t\u00eb ekonomis\u00eb n\u00eb duart e dy ose tre kompanive.<\/p>\n<p>Pjes\u00eb nga fjala e Erion Bra\u00e7es n\u00eb Kuvend:<\/p>\n<p>\u00c7far\u00eb \u00ebsht\u00eb e qeveris\u00eb \u00ebsht\u00eb e qeveris\u00eb, \u00e7far\u00eb \u00ebsht\u00eb e tregut \u00ebsht\u00eb e tregut dhe \u00e7far\u00eb \u00ebsht\u00eb e Autoritetit \u00ebsht\u00eb e Autoritetit. N\u00eb muajin prill ndryshimi indeksit t\u00eb \u00e7mimit arriti n\u00eb 9%. Rritja vjetore e \u00e7mimeve n\u00eb muajin prill \u00ebsht\u00eb v\u00ebrejtur te ushqimet dhe pijet joalkolike. Pjesa m\u00eb e madhe e ushqimeve t\u00eb shport\u00ebs u rrit\u00ebn, t\u00eb prodhuar n\u00eb vend. K\u00ebto jan\u00eb \u00e7mimet e zgjatjes s\u00eb pandemis\u00eb dhe luft\u00ebs s\u00eb Putinit n\u00eb Ukrain\u00eb.<\/p>\n<p>T\u00eb dyja kan\u00eb ndikim t\u00eb fort\u00eb mbi ofert\u00ebn dhe k\u00ebrkes\u00ebn. K\u00ebto jan\u00eb dhe \u00e7mimet e var\u00ebsis\u00eb s\u00eb madhe nga importet. Padiskutim k\u00ebto jan\u00eb dhe \u00e7mimet e struktur\u00ebs son\u00eb t\u00eb prodhimit, e mang\u00ebt, e ngusht\u00eb, e klientelizmit. \u00c7mimet t\u00eb tilla kan\u00eb brenda dhe konkurrenc\u00ebn. Ekzistenca e bordeve \u00ebsht\u00eb prova m\u00eb e qart\u00eb e munges\u00ebs s\u00eb tregjeve dhe abuzimit me \u00e7mime n\u00eb tregje.<\/p>\n<p>Jan\u00eb marr\u00ebveshje q\u00eb kan\u00eb c\u00ebnuar konkurrenc\u00ebn n\u00eb vite. Vajin e kan\u00eb tre kompani, drithin e kan\u00eb 7 kompani, orizin, at\u00eb kok\u00ebrrgjatin 95% t\u00eb tregut e kan\u00eb 3 kompani. Importet e plehrave kimike jan\u00eb ulur me 17%\u00a0 n\u00eb janar-mars. Jemi n\u00eb regjimin e rregullimit t\u00eb \u00e7mimeve nga bordet. E para tregjet tek ne jan\u00eb k\u00ebneta.<\/p>\n<p>Tregu i naft\u00ebs kishte 5 operator\u00eb dhe tani jan\u00eb 3 veta. Hiqni barrierat e vendosura gjat\u00eb 8 viteve dhe krijoni mund\u00ebsi p\u00ebr hyrje t\u00eb reja n\u00eb treg dhe konkurrenc\u00eb.. E dyta q\u00eb \u00ebsht\u00eb m\u00eb e r\u00ebnd\u00ebsishmja, duhet luftuar abuzimi n\u00eb treg, duhet ndar\u00eb mendja ose me tregtar\u00ebt ose me fshatar\u00ebt. Kaq.<\/p>","protected":false},"excerpt":{"rendered":"<p>Ish-z\u00ebvend\u00ebskryeministri Erion Bra\u00e7e ka folur n\u00eb seanc\u00ebn e sotme plenare p\u00ebr rritjen e \u00e7mimeve n\u00eb vend. N\u00eb fjal\u00ebn e tij, deputeti Bra\u00e7e theksoi se maxhoranca socialiste ka d\u00ebshtuar gjat\u00eb k\u00ebtyre 8 viteve q\u00eb t\u00eb heq\u00eb barrierat e vendosura nga Partia Demokratike dhe t\u00eb b\u00ebj\u00eb hapjen e tregjeve, duke i l\u00ebn\u00eb shum\u00eb sektor\u00eb t\u00eb ekonomis\u00eb n\u00eb [&hellip;]<\/p>\n","protected":false},"author":2020,"featured_media":257840,"comment_status":"closed","ping_status":"closed","sticky":false,"template":"","format":"standard","meta":{"footnotes":""},"categories":[241,5380,231],"tags":[],"class_list":{"0":"post-257835","1":"post","2":"type-post","3":"status-publish","4":"format-standard","5":"has-post-thumbnail","7":"category-aktualitet","8":"category-kryesore","9":"category-lajme"},"_links":{"self":[{"href":"https:\/\/zjarr.tv\/en\/wp-json\/wp\/v2\/posts\/257835","targetHints":{"allow":["GET"]}}],"collection":[{"href":"https:\/\/zjarr.tv\/en\/wp-json\/wp\/v2\/posts"}],"about":[{"href":"https:\/\/zjarr.tv\/en\/wp-json\/wp\/v2\/types\/post"}],"author":[{"embeddable":true,"href":"https:\/\/zjarr.tv\/en\/wp-json\/wp\/v2\/users\/2020"}],"replies":[{"embeddable":true,"href":"https:\/\/zjarr.tv\/en\/wp-json\/wp\/v2\/comments?post=257835"}],"version-history":[{"count":0,"href":"https:\/\/zjarr.tv\/en\/wp-json\/wp\/v2\/posts\/257835\/revisions"}],"wp:featuredmedia":[{"embeddable":true,"href":"https:\/\/zjarr.tv\/en\/wp-json\/wp\/v2\/media\/257840"}],"wp:attachment":[{"href":"https:\/\/zjarr.tv\/en\/wp-json\/wp\/v2\/media?parent=257835"}],"wp:term":[{"taxonomy":"category","embeddable":true,"href":"https:\/\/zjarr.tv\/en\/wp-json\/wp\/v2\/categories?post=257835"},{"taxonomy":"post_tag","embeddable":true,"href":"https:\/\/zjarr.tv\/en\/wp-json\/wp\/v2\/tags?post=257835"}],"curies":[{"name":"wp","href":"https:\/\/api.w.org\/{rel}","templated":true}]}}