{"id":257836,"date":"2022-05-12T12:46:36","date_gmt":"2022-05-12T10:46:36","guid":{"rendered":"https:\/\/zjarr.tv\/?p=257836"},"modified":"2022-05-12T12:46:36","modified_gmt":"2022-05-12T10:46:36","slug":"ndodh-e-papritura-vellezerit-romeo-dhe-donald-veshaj-ne-telashe-avokati-paralajmeron-padi-jane-demtuar","status":"publish","type":"post","link":"https:\/\/zjarr.tv\/en\/ndodh-e-papritura-vellezerit-romeo-dhe-donald-veshaj-ne-telashe-avokati-paralajmeron-padi-jane-demtuar\/","title":{"rendered":"Ndodh e papritura! V\u00ebllez\u00ebrit Romeo dhe Donald Veshaj n\u00eb telashe, avokati paralajm\u00ebron padi: Jan\u00eb d\u00ebmtuar&#8230;"},"content":{"rendered":"<p>Sipas nj\u00eb deklarate t\u00eb fundit, videoklipi m\u00eb i fundit i v\u00ebllez\u00ebrve Veshaj, Romeo dhe Donald s\u00eb bashku me Elgit Dod\u00ebn me k\u00ebng\u00ebn \u201cPicasso\u201d mund t\u2019u kushtoj\u00eb shtrenjt\u00eb.<\/p>\n<p>Kjo sepse p\u00ebr shkak t\u00eb avokati n\u00eb Kor\u00e7\u00eb, Esmerald Xhafa, i cili\u00a0 ka paralajm\u00ebruar se do t\u00eb padis\u00eb ministrin\u00eb e Kultur\u00ebs, Drejtorin e muzeut komb\u00ebtar t\u00eb Artit Mesjetar dhe Drejtorotin e Muzeut t\u00eb Fotografis\u00eb, Gjon Mili.<\/p>\n<p>Ai \u00ebsht\u00eb shprehur se \u00ebsht\u00eb duke pritur nj\u00eb p\u00ebrgjigje lidhur me d\u00ebmtimet q\u00eb mund t\u2019i jen\u00eb shkaktuar ikonave. Sipas tij, k\u00ebng\u00ebtar\u00ebt dhe organizator\u00ebt duhet t\u00eb mbajn\u00eb p\u00ebrgjegj\u00ebsi administrative sipas parashikimit t\u00eb ligjit p\u00ebr trash\u00ebgimin\u00eb kulturore dhe muzeut.<\/p>","protected":false},"excerpt":{"rendered":"<p>Sipas nj\u00eb deklarate t\u00eb fundit, videoklipi m\u00eb i fundit i v\u00ebllez\u00ebrve Veshaj, Romeo dhe Donald s\u00eb bashku me Elgit Dod\u00ebn me k\u00ebng\u00ebn \u201cPicasso\u201d mund t\u2019u kushtoj\u00eb shtrenjt\u00eb. Kjo sepse p\u00ebr shkak t\u00eb avokati n\u00eb Kor\u00e7\u00eb, Esmerald Xhafa, i cili\u00a0 ka paralajm\u00ebruar se do t\u00eb padis\u00eb ministrin\u00eb e Kultur\u00ebs, Drejtorin e muzeut komb\u00ebtar t\u00eb Artit Mesjetar [&hellip;]<\/p>\n","protected":false},"author":2030,"featured_media":257837,"comment_status":"closed","ping_status":"closed","sticky":false,"template":"","format":"standard","meta":{"footnotes":""},"categories":[241,5380,231],"tags":[],"class_list":{"0":"post-257836","1":"post","2":"type-post","3":"status-publish","4":"format-standard","5":"has-post-thumbnail","7":"category-aktualitet","8":"category-kryesore","9":"category-lajme"},"_links":{"self":[{"href":"https:\/\/zjarr.tv\/en\/wp-json\/wp\/v2\/posts\/257836","targetHints":{"allow":["GET"]}}],"collection":[{"href":"https:\/\/zjarr.tv\/en\/wp-json\/wp\/v2\/posts"}],"about":[{"href":"https:\/\/zjarr.tv\/en\/wp-json\/wp\/v2\/types\/post"}],"author":[{"embeddable":true,"href":"https:\/\/zjarr.tv\/en\/wp-json\/wp\/v2\/users\/2030"}],"replies":[{"embeddable":true,"href":"https:\/\/zjarr.tv\/en\/wp-json\/wp\/v2\/comments?post=257836"}],"version-history":[{"count":0,"href":"https:\/\/zjarr.tv\/en\/wp-json\/wp\/v2\/posts\/257836\/revisions"}],"wp:featuredmedia":[{"embeddable":true,"href":"https:\/\/zjarr.tv\/en\/wp-json\/wp\/v2\/media\/257837"}],"wp:attachment":[{"href":"https:\/\/zjarr.tv\/en\/wp-json\/wp\/v2\/media?parent=257836"}],"wp:term":[{"taxonomy":"category","embeddable":true,"href":"https:\/\/zjarr.tv\/en\/wp-json\/wp\/v2\/categories?post=257836"},{"taxonomy":"post_tag","embeddable":true,"href":"https:\/\/zjarr.tv\/en\/wp-json\/wp\/v2\/tags?post=257836"}],"curies":[{"name":"wp","href":"https:\/\/api.w.org\/{rel}","templated":true}]}}