{"id":257849,"date":"2022-05-12T13:03:18","date_gmt":"2022-05-12T11:03:18","guid":{"rendered":"https:\/\/zjarr.tv\/?p=257849"},"modified":"2022-05-12T13:03:18","modified_gmt":"2022-05-12T11:03:18","slug":"shehaj-kusherinjte-e-gjiknurit-do-te-ndertojne-resort-ne-parkun-e-butrintit","status":"publish","type":"post","link":"https:\/\/zjarr.tv\/en\/shehaj-kusherinjte-e-gjiknurit-do-te-ndertojne-resort-ne-parkun-e-butrintit\/","title":{"rendered":"Shehaj: Kush\u00ebrinjt\u00eb e Gjiknurit do t\u00eb nd\u00ebrtojn\u00eb resort n\u00eb Parkun e Butrintit"},"content":{"rendered":"<p>Dit\u00ebn e sotme gjat\u00eb fjal\u00ebs s\u00eb tij n\u00eb Kuvend, deputeti demokrat Agron Shehaj ka denoncuar edhe nj\u00ebher\u00eb se kush\u00ebrinjt\u00eb e Damian Gjiknurit po grabisin pronat publike.<\/p>\n<p>Ai tha se kompania e kush\u00ebririt t\u00eb Gjiknurit \u00ebsht\u00eb shpallur investitor strategjik, dhe se qeveria muaj m\u00eb par\u00eb ka nxjerr\u00eb nga zona e mbrojtur e Parkut Komb\u00ebtar t\u00eb Butrintit rreth 800 ha, nj\u00eb pjes\u00eb e s\u00eb cil\u00ebs do t\u00eb p\u00ebrdoret p\u00ebr t\u00eb nd\u00ebrtuar nj\u00eb resort.<\/p>\n<p>Agron Shehaj: Nj\u00eb dit\u00eb m\u00eb par\u00eb m\u00ebsuam se t\u00eb af\u00ebrmit e nj\u00eb zyrtari t\u00eb lart\u00eb t\u00eb PS-s\u00eb jan\u00eb shpallur investitor \u00ebstrategjik, b\u00ebhet fjal\u00eb p\u00ebr kush\u00ebrinjte e Damian Gjiknurit. Ky i fundit tha se pronari i kompanis\u00eb q\u00eb ka marr\u00eb statusin e investitorit strategjik nuk \u00ebsht\u00eb djali i xhaxhait t\u00eb tij, por \u00ebsht\u00eb fakt se n\u00eb Vlor\u00eb t\u00eb gjith\u00eb e njohin pronarin e kompanis\u00eb strategjike \u201cAndi\u201d si djalin e xhaxhait t\u00eb Gjiknurit.<\/p>\n<p>Ai e di m\u00eb mir\u00eb se sa lidhje familjare ka. I b\u00ebj thirrje Gjiknurit t\u00eb sqaroj\u00eb parlamentin dhe opinionin publik p\u00ebr k\u00ebt\u00eb lidhje familjare.<\/p>\n<p>Edi Rama po e p\u00ebrdor ligjin e investimeve publike p\u00ebr t\u00eb pasuruar bashk\u00ebpun\u00ebtoret e tij. Kemi t\u00eb b\u00ebjm\u00eb me nje afer\u00eb m\u00eb t\u00eb r\u00ebnd\u00eb. Ky rast \u00ebsht\u00eb akoma m\u00eb i r\u00ebnd\u00eb jo vet\u00ebm se nj\u00eb an\u00ebtar qeverie, familjar\u00ebt e tij jan\u00eb shpallur investitor strategjik, por qeveria zvog\u00ebloi muaj m\u00eb par\u00eb parkun e Butrintit, duke nxjerr\u00eb 800 ha nga zona e mbrojtur, dhe aty do t\u00eb nd\u00ebrtohet resorti i kush\u00ebrinjve t\u00eb Gjiknurit.<\/p>\n<p>Do shkat\u00ebrrojn\u00eb parkun komb\u00ebtar p\u00ebr t\u00eb nd\u00ebrtuar resortin e tyre. Ky \u00ebsht\u00eb nj\u00eb aktivitet i strukturuar, kur shteti vihet n\u00eb funksion t\u00eb nj\u00eb q\u00ebllimi: P\u00ebrvet\u00ebsimin e aseteve publike nga qeveritar\u00ebt ne pushtet.<\/p>","protected":false},"excerpt":{"rendered":"<p>Dit\u00ebn e sotme gjat\u00eb fjal\u00ebs s\u00eb tij n\u00eb Kuvend, deputeti demokrat Agron Shehaj ka denoncuar edhe nj\u00ebher\u00eb se kush\u00ebrinjt\u00eb e Damian Gjiknurit po grabisin pronat publike. Ai tha se kompania e kush\u00ebririt t\u00eb Gjiknurit \u00ebsht\u00eb shpallur investitor strategjik, dhe se qeveria muaj m\u00eb par\u00eb ka nxjerr\u00eb nga zona e mbrojtur e Parkut Komb\u00ebtar t\u00eb Butrintit [&hellip;]<\/p>\n","protected":false},"author":2020,"featured_media":188620,"comment_status":"closed","ping_status":"closed","sticky":false,"template":"","format":"standard","meta":{"footnotes":""},"categories":[241,5380,231],"tags":[],"class_list":{"0":"post-257849","1":"post","2":"type-post","3":"status-publish","4":"format-standard","5":"has-post-thumbnail","7":"category-aktualitet","8":"category-kryesore","9":"category-lajme"},"_links":{"self":[{"href":"https:\/\/zjarr.tv\/en\/wp-json\/wp\/v2\/posts\/257849","targetHints":{"allow":["GET"]}}],"collection":[{"href":"https:\/\/zjarr.tv\/en\/wp-json\/wp\/v2\/posts"}],"about":[{"href":"https:\/\/zjarr.tv\/en\/wp-json\/wp\/v2\/types\/post"}],"author":[{"embeddable":true,"href":"https:\/\/zjarr.tv\/en\/wp-json\/wp\/v2\/users\/2020"}],"replies":[{"embeddable":true,"href":"https:\/\/zjarr.tv\/en\/wp-json\/wp\/v2\/comments?post=257849"}],"version-history":[{"count":0,"href":"https:\/\/zjarr.tv\/en\/wp-json\/wp\/v2\/posts\/257849\/revisions"}],"wp:featuredmedia":[{"embeddable":true,"href":"https:\/\/zjarr.tv\/en\/wp-json\/wp\/v2\/media\/188620"}],"wp:attachment":[{"href":"https:\/\/zjarr.tv\/en\/wp-json\/wp\/v2\/media?parent=257849"}],"wp:term":[{"taxonomy":"category","embeddable":true,"href":"https:\/\/zjarr.tv\/en\/wp-json\/wp\/v2\/categories?post=257849"},{"taxonomy":"post_tag","embeddable":true,"href":"https:\/\/zjarr.tv\/en\/wp-json\/wp\/v2\/tags?post=257849"}],"curies":[{"name":"wp","href":"https:\/\/api.w.org\/{rel}","templated":true}]}}