{"id":257852,"date":"2022-05-12T13:09:16","date_gmt":"2022-05-12T11:09:16","guid":{"rendered":"https:\/\/zjarr.tv\/?p=257852"},"modified":"2022-05-12T13:09:16","modified_gmt":"2022-05-12T11:09:16","slug":"klevis-balliu-partia-socialiste-nga-sot-eshte-parti-e-serbise","status":"publish","type":"post","link":"https:\/\/zjarr.tv\/en\/klevis-balliu-partia-socialiste-nga-sot-eshte-parti-e-serbise\/","title":{"rendered":"Klevis Balliu: Partia Socialiste nga sot \u00ebsht\u00eb Parti e Serbis\u00eb!"},"content":{"rendered":"<p>Rr\u00ebzimi me shumic\u00eb votash n\u00eb parlament sot i Rezolut\u00ebs p\u00ebr njohjen e genocidit n\u00eb Srebenic\u00eb nga Kuvendi i Shqip\u00ebris\u00eb, ka ngjallur reagime t\u00eb ashpra edhe n\u00eb radh\u00ebt e an\u00ebtar\u00ebve t\u00eb Komisionit t\u00eb Rithemelimit t\u00eb PD-s\u00eb.<\/p>\n<p>Klevis Balliu, ish-deputet u shpreh: \u201cPartia e Ramovi\u00e7it me urdh\u00ebr t\u00eb Vu\u00e7i\u00e7it votoi sot kund\u00ebr rezolut\u00ebs q\u00eb d\u00ebnon genocidit dhe masakr\u00ebn n\u00eb Srebenic\u00eb\u201d. Partia Socialiste nga sot \u00ebsht\u00eb parti e Serbis\u00eb dhe jo e shqiptar\u00ebve.\u201d<\/p>\n<p>Por, \u00e7far\u00eb p\u00ebrmbante rezoluta dhe cil\u00ebt e kishin firmosuar at\u00eb?<\/p>","protected":false},"excerpt":{"rendered":"<p>Rr\u00ebzimi me shumic\u00eb votash n\u00eb parlament sot i Rezolut\u00ebs p\u00ebr njohjen e genocidit n\u00eb Srebenic\u00eb nga Kuvendi i Shqip\u00ebris\u00eb, ka ngjallur reagime t\u00eb ashpra edhe n\u00eb radh\u00ebt e an\u00ebtar\u00ebve t\u00eb Komisionit t\u00eb Rithemelimit t\u00eb PD-s\u00eb. Klevis Balliu, ish-deputet u shpreh: \u201cPartia e Ramovi\u00e7it me urdh\u00ebr t\u00eb Vu\u00e7i\u00e7it votoi sot kund\u00ebr rezolut\u00ebs q\u00eb d\u00ebnon genocidit dhe [&hellip;]<\/p>\n","protected":false},"author":2020,"featured_media":181111,"comment_status":"closed","ping_status":"closed","sticky":false,"template":"","format":"standard","meta":{"footnotes":""},"categories":[241,5380,231],"tags":[],"class_list":{"0":"post-257852","1":"post","2":"type-post","3":"status-publish","4":"format-standard","5":"has-post-thumbnail","7":"category-aktualitet","8":"category-kryesore","9":"category-lajme"},"_links":{"self":[{"href":"https:\/\/zjarr.tv\/en\/wp-json\/wp\/v2\/posts\/257852","targetHints":{"allow":["GET"]}}],"collection":[{"href":"https:\/\/zjarr.tv\/en\/wp-json\/wp\/v2\/posts"}],"about":[{"href":"https:\/\/zjarr.tv\/en\/wp-json\/wp\/v2\/types\/post"}],"author":[{"embeddable":true,"href":"https:\/\/zjarr.tv\/en\/wp-json\/wp\/v2\/users\/2020"}],"replies":[{"embeddable":true,"href":"https:\/\/zjarr.tv\/en\/wp-json\/wp\/v2\/comments?post=257852"}],"version-history":[{"count":0,"href":"https:\/\/zjarr.tv\/en\/wp-json\/wp\/v2\/posts\/257852\/revisions"}],"wp:featuredmedia":[{"embeddable":true,"href":"https:\/\/zjarr.tv\/en\/wp-json\/wp\/v2\/media\/181111"}],"wp:attachment":[{"href":"https:\/\/zjarr.tv\/en\/wp-json\/wp\/v2\/media?parent=257852"}],"wp:term":[{"taxonomy":"category","embeddable":true,"href":"https:\/\/zjarr.tv\/en\/wp-json\/wp\/v2\/categories?post=257852"},{"taxonomy":"post_tag","embeddable":true,"href":"https:\/\/zjarr.tv\/en\/wp-json\/wp\/v2\/tags?post=257852"}],"curies":[{"name":"wp","href":"https:\/\/api.w.org\/{rel}","templated":true}]}}