{"id":257855,"date":"2022-05-12T13:11:53","date_gmt":"2022-05-12T11:11:53","guid":{"rendered":"https:\/\/zjarr.tv\/?p=257855"},"modified":"2022-05-12T13:11:53","modified_gmt":"2022-05-12T11:11:53","slug":"pse-si-kerkoni-spak-te-hetoje-dakon-spiropali-mbron-ish-kryebashkiakun-e-pergjimeve","status":"publish","type":"post","link":"https:\/\/zjarr.tv\/en\/pse-si-kerkoni-spak-te-hetoje-dakon-spiropali-mbron-ish-kryebashkiakun-e-pergjimeve\/","title":{"rendered":"Pse s&#8217;i k\u00ebrkoni SPAK t\u00eb hetoj\u00eb Dakon? Spiropali mbron ish-kryebashkiakun e p\u00ebrgjimeve"},"content":{"rendered":"<p>Kryeministri Edi Rama ka k\u00ebrc\u00ebnuar sot s\u00ebrish SPAK, por kjo e fundit dihet tashm\u00eb q\u00eb \u00ebsht\u00eb totalisht n\u00ebn kontrollin e drejtuesit t\u00eb qeveris\u00eb, i cili \u00e7do gj\u00eb e b\u00ebn vet\u00ebm p\u00ebr show para publikut.<\/p>\n<p>Nd\u00ebrsa ministrja e Shtetit p\u00ebr Marr\u00ebdh\u00ebnien me Parlamentin, Elisa Spiropali, ka ngelur pa p\u00ebrgjigje k\u00ebt\u00eb mbr\u00ebmje kur u pyet n\u00eb Euronews se \u2018P\u00ebrse Rama nuk i b\u00ebn thirrje SPAK t\u00eb hetoj\u00eb ish-kryebashkiakun e Durr\u00ebsit, Vangjush Dako\u2019.<\/p>\n<p>Spiropali u justifikua duke th\u00ebn\u00eb se ish-kryebashkiaku i Durr\u00ebsit, Vangjush Dako sot nuk \u00ebsht\u00eb n\u00eb asnj\u00eb post politik.<\/p>\n<p>Ajo duket se ka harruar se Vangjush Dako ka dal\u00eb n\u00eb p\u00ebrgjime dhe \u00ebsht\u00eb i p\u00ebrfshir\u00eb n\u00eb radh\u00ebn e skandaleve t\u00eb qeveris\u00eb p\u00ebr manipulim dhe shit-blerje votash p\u00ebr t\u00eb fituar zgjedhjet PS.<\/p>","protected":false},"excerpt":{"rendered":"<p>Kryeministri Edi Rama ka k\u00ebrc\u00ebnuar sot s\u00ebrish SPAK, por kjo e fundit dihet tashm\u00eb q\u00eb \u00ebsht\u00eb totalisht n\u00ebn kontrollin e drejtuesit t\u00eb qeveris\u00eb, i cili \u00e7do gj\u00eb e b\u00ebn vet\u00ebm p\u00ebr show para publikut. Nd\u00ebrsa ministrja e Shtetit p\u00ebr Marr\u00ebdh\u00ebnien me Parlamentin, Elisa Spiropali, ka ngelur pa p\u00ebrgjigje k\u00ebt\u00eb mbr\u00ebmje kur u pyet n\u00eb Euronews [&hellip;]<\/p>\n","protected":false},"author":2020,"featured_media":187286,"comment_status":"closed","ping_status":"closed","sticky":false,"template":"","format":"standard","meta":{"footnotes":""},"categories":[241,5380,231],"tags":[],"class_list":{"0":"post-257855","1":"post","2":"type-post","3":"status-publish","4":"format-standard","5":"has-post-thumbnail","7":"category-aktualitet","8":"category-kryesore","9":"category-lajme"},"_links":{"self":[{"href":"https:\/\/zjarr.tv\/en\/wp-json\/wp\/v2\/posts\/257855","targetHints":{"allow":["GET"]}}],"collection":[{"href":"https:\/\/zjarr.tv\/en\/wp-json\/wp\/v2\/posts"}],"about":[{"href":"https:\/\/zjarr.tv\/en\/wp-json\/wp\/v2\/types\/post"}],"author":[{"embeddable":true,"href":"https:\/\/zjarr.tv\/en\/wp-json\/wp\/v2\/users\/2020"}],"replies":[{"embeddable":true,"href":"https:\/\/zjarr.tv\/en\/wp-json\/wp\/v2\/comments?post=257855"}],"version-history":[{"count":0,"href":"https:\/\/zjarr.tv\/en\/wp-json\/wp\/v2\/posts\/257855\/revisions"}],"wp:featuredmedia":[{"embeddable":true,"href":"https:\/\/zjarr.tv\/en\/wp-json\/wp\/v2\/media\/187286"}],"wp:attachment":[{"href":"https:\/\/zjarr.tv\/en\/wp-json\/wp\/v2\/media?parent=257855"}],"wp:term":[{"taxonomy":"category","embeddable":true,"href":"https:\/\/zjarr.tv\/en\/wp-json\/wp\/v2\/categories?post=257855"},{"taxonomy":"post_tag","embeddable":true,"href":"https:\/\/zjarr.tv\/en\/wp-json\/wp\/v2\/tags?post=257855"}],"curies":[{"name":"wp","href":"https:\/\/api.w.org\/{rel}","templated":true}]}}