{"id":257857,"date":"2022-05-12T13:18:22","date_gmt":"2022-05-12T11:18:22","guid":{"rendered":"https:\/\/zjarr.tv\/?p=257857"},"modified":"2022-05-12T13:18:22","modified_gmt":"2022-05-12T11:18:22","slug":"presidentin-e-ri-mediu-i-vendosur-nuk-duhet-te-braktisim-procesin-e-negociatave-nese-rama-zgjedh-emrin-pa-konsensus-atehere","status":"publish","type":"post","link":"https:\/\/zjarr.tv\/en\/presidentin-e-ri-mediu-i-vendosur-nuk-duhet-te-braktisim-procesin-e-negociatave-nese-rama-zgjedh-emrin-pa-konsensus-atehere\/","title":{"rendered":"Presidentin e ri? Mediu i vendosur: Nuk duhet t\u00eb braktisim procesin e negociatave. N\u00ebse Rama zgjedh emrin pa konsensus, at\u00ebher\u00eb\u2026"},"content":{"rendered":"<p>\u201cN\u00eb krye t\u00eb shtetit duhet t\u00eb jet\u00eb n\u00eb unitet t\u00eb popullit, n\u00ebse opozita nuk ka konsensus mes vete \u00ebsht\u00eb e kot\u00eb t\u00eb futet \u00ebn negociata me mazhoranc\u00ebnb.<\/p>\n<p>Ne kemi negociator t\u00eb p\u00ebrbashk\u00ebt, e kam th\u00ebn\u00eb kemi qen t\u00eb hapur p\u00ebr t\u00eb pasur nj\u00eb proces negociator t\u00eb unifikuar dhe duhet t\u00eb gjejm\u00eb nj\u00eb kandidatur\u00eb t\u00eb p\u00ebrbashk\u00ebt. Nuk kemi fol me emrat, t\u00eb cilat do t\u00eb vijn\u00eb m\u00eb vonm\u00eb si pasoj\u00eb e seriozisttetit.<\/p>\n<p>Ka pasu diskutime q\u00eb jkan\u00eb b\u00ebr\u00eb m\u00eb par\u00eb me PS t\u00eb cilat do t\u00eb vazhdojn\u00eb, opozita \u00ebsht\u00eb e gjitha p\u00ebr procesin dhe \u00ebsht\u00eb e domosdoshme, ky rpoices duhet t\u00eb dhuroj\u00eb nj\u00eb em\u00ebr konsesual. Duhen disa kushte q\u00eb t\u00eb plot\u00ebsoj\u00eb presidenti i ZRepublik\u00ebs t\u00eb q\u00ebndroj\u00eb mbi pal\u00ebt dhe t\u00eb jet\u00eb me integritet. Duhet tio p\u00ebrgjigjet vet\u00ebm kushtetut\u00ebs dhe jo bindejve politike.<\/p>\n<p>Negociatat nuk duhet t\u00eb jen\u00eb p\u00ebrjashtuese kurse kriteret duhen t\u00eb p\u00ebrcaktohen qart\u00eb mbi at\u00eb q\u00eb p\u00ebrcakton Kushtetuta p\u00ebr zgjedhjen e presidentit . N\u00ebse do t\u00eb kemi paragjykime nuk do t\u00eb kemi nj\u00eb em\u00ebr. Ne kemi q\u00ebndrimin ton\u00eb dhe flasim p\u00ebr opozit\u00ebmn n\u00eb momentin kur vijn\u00eb kandidatiuarat dhe nuk ka konsensus at\u00ebher\u00eb ne do t\u00eb mbajm\u00eb kritika.<\/p>\n<p>Opozita ka detyrim n\u00eb raport me kushtetut\u00ebn dhe opioza publik nuk duhet t\u00eb bojkotojm\u00eb procesin dhe t\u00eb shikojm\u00eb n\u00ebse Edi Rama do t\u00eb na d\u00ebgjoj\u00eb propozimin. Kur nuk ka kandidatura dhe \u00ebsht\u00eb e nj\u00ebanshme dhe nuk ofron bashk\u00ebpunim at\u00ebher\u00eb opozita t\u00eb mbaj\u00eb q\u00ebndrimin e vet\u201d, tha Mediu<\/p>","protected":false},"excerpt":{"rendered":"<p>\u201cN\u00eb krye t\u00eb shtetit duhet t\u00eb jet\u00eb n\u00eb unitet t\u00eb popullit, n\u00ebse opozita nuk ka konsensus mes vete \u00ebsht\u00eb e kot\u00eb t\u00eb futet \u00ebn negociata me mazhoranc\u00ebnb. Ne kemi negociator t\u00eb p\u00ebrbashk\u00ebt, e kam th\u00ebn\u00eb kemi qen t\u00eb hapur p\u00ebr t\u00eb pasur nj\u00eb proces negociator t\u00eb unifikuar dhe duhet t\u00eb gjejm\u00eb nj\u00eb kandidatur\u00eb t\u00eb p\u00ebrbashk\u00ebt. [&hellip;]<\/p>\n","protected":false},"author":2020,"featured_media":257858,"comment_status":"closed","ping_status":"closed","sticky":false,"template":"","format":"standard","meta":{"footnotes":""},"categories":[241,5380,231],"tags":[],"class_list":{"0":"post-257857","1":"post","2":"type-post","3":"status-publish","4":"format-standard","5":"has-post-thumbnail","7":"category-aktualitet","8":"category-kryesore","9":"category-lajme"},"_links":{"self":[{"href":"https:\/\/zjarr.tv\/en\/wp-json\/wp\/v2\/posts\/257857","targetHints":{"allow":["GET"]}}],"collection":[{"href":"https:\/\/zjarr.tv\/en\/wp-json\/wp\/v2\/posts"}],"about":[{"href":"https:\/\/zjarr.tv\/en\/wp-json\/wp\/v2\/types\/post"}],"author":[{"embeddable":true,"href":"https:\/\/zjarr.tv\/en\/wp-json\/wp\/v2\/users\/2020"}],"replies":[{"embeddable":true,"href":"https:\/\/zjarr.tv\/en\/wp-json\/wp\/v2\/comments?post=257857"}],"version-history":[{"count":0,"href":"https:\/\/zjarr.tv\/en\/wp-json\/wp\/v2\/posts\/257857\/revisions"}],"wp:featuredmedia":[{"embeddable":true,"href":"https:\/\/zjarr.tv\/en\/wp-json\/wp\/v2\/media\/257858"}],"wp:attachment":[{"href":"https:\/\/zjarr.tv\/en\/wp-json\/wp\/v2\/media?parent=257857"}],"wp:term":[{"taxonomy":"category","embeddable":true,"href":"https:\/\/zjarr.tv\/en\/wp-json\/wp\/v2\/categories?post=257857"},{"taxonomy":"post_tag","embeddable":true,"href":"https:\/\/zjarr.tv\/en\/wp-json\/wp\/v2\/tags?post=257857"}],"curies":[{"name":"wp","href":"https:\/\/api.w.org\/{rel}","templated":true}]}}