{"id":257863,"date":"2022-05-12T13:33:37","date_gmt":"2022-05-12T11:33:37","guid":{"rendered":"https:\/\/zjarr.tv\/?p=257863"},"modified":"2022-05-12T13:33:37","modified_gmt":"2022-05-12T11:33:37","slug":"ia-kam-bere-ftesen-edhe-alibeajt-boci-flet-per-presidentin-e-ri-cdo-deputete-mund-te-behet-pjese-e-negociatave-nese-ben-kerkese-te-komisioni-i-rithemelimit-ja-kur-mund-te-nxjerrim","status":"publish","type":"post","link":"https:\/\/zjarr.tv\/en\/ia-kam-bere-ftesen-edhe-alibeajt-boci-flet-per-presidentin-e-ri-cdo-deputete-mund-te-behet-pjese-e-negociatave-nese-ben-kerkese-te-komisioni-i-rithemelimit-ja-kur-mund-te-nxjerrim\/","title":{"rendered":"\u201cIa kam b\u00ebr\u00eb ftes\u00ebn edhe Alibeajt\u201d, Bo\u00e7i flet p\u00ebr presidentin e ri: \u00c7do deputet\u00eb mund t\u00eb b\u00ebhet pjes\u00eb e negociatave n\u00ebse b\u00ebn k\u00ebrkes\u00eb te Komisioni i Rithemelimit, ja kur mund t\u00eb nxjerrim emrat\u2026"},"content":{"rendered":"<p>Deputeti Lu\u00e7iano Bo\u00e7i ka folur jasht\u00eb sall\u00ebs s\u00eb Parlamentit n\u00eb lidhje me procesin e zgjedhjes s\u00eb presidentit t\u00eb ri t\u00eb vendit.<\/p>\n<p>Bo\u00e7i tha se c\u00ebshtja e presidentit \u00ebsht\u00eb politike nd\u00ebrsa shtoi se ia ka b\u00ebr\u00eb ftes\u00ebn dhe Alibeajt q\u00eb t\u00eb jet\u00eb pjes\u00eb e grupit negociator t\u00eb PD n\u00eb cil\u00ebsin\u00eb e deputetit. Po ashtu Bo\u00e7i tha p\u00ebr gazetar\u00ebt se cilido deputet\u00eb q\u00eb do t\u00eb b\u00ebhet pjes\u00eb e negociatave duhet t\u00eb b\u00ebj\u00eb nj\u00eb k\u00ebrkes\u00eb te Komisioni i Rithemelimit<\/p>\n<p>Bo\u00e7i: N\u00eb kontaktet tona do kerkojme t\u00eb mbajme q\u00ebndrimet tona p\u00ebr t\u00eb konkluaduar me nje emer apo disa emra nga opozita.<\/p>\n<p>Koncepti yne eshte unifikues, jo ndar\u00ebs. Procesi ndiqet ne rruge parlamentare, miratimi politik ceshtja e presidentit. kemi ng\u00ebrcin q\u00eb Alibeja \u00ebhst\u00eb I shkarkuar, n\u00eb raport mer veprimet e tij. ulja e zotit mediu nuk na pengon dhe nese I sherben unifimkimit ne do ndjekim procesin.<\/p>\n<p>Grupi negociatior nuk kemi shkuar deri atje, ndoshta per te avancuar me emra konkret. Ideja e nje grupi negociator me pjesen tjeter nuk eshte hedhur akoma. Do shqyrtohet dhe do marr\u00eb q\u00ebndrimin ton\u00eb.<\/p>\n<p>Jan\u00eb 5 raunde, koha mjafton . Kandidaturat nga opozita n\u00eb dat\u00ebn 16. Mund t\u00eb jet\u00eb edhe n\u00eb dat\u00ebn e fundit. \u00cbsht\u00eb arritja e konsesusit me opozit\u00ebn brenda saj dhe me mazhoranc\u00ebn. Presidenti duhet t\u00eb jet\u00eb konsesual.<\/p>\n<p>PD \u00ebsht\u00eb nj\u00eb , ka organet e saj drejtuese, gjith\u00ebsecili nga deputetet q\u00eb do t\u00eb perfshihet mund t\u00eb b\u00ebj\u00eb k\u00ebrkese n\u00eb Komisionin e Rithememlimit q\u00eb t\u00eb jet\u00eb pjes\u00eb e grupit negociator. Edhe Alibeajt ja kam b\u00ebr\u00eb k\u00ebt\u00eb ftes\u00eb n\u00eb cil\u00ebsine\u00a0 e deputetit. Nuk flas me supozime. Do mjaftonte nj\u00eb p\u00ebrbashk\u00ebsi firmash p\u00ebr t\u00eb propozuar nj\u00eb em\u00ebr. Nuk \u00ebsht\u00eb Grupi Parlamentar, mos\u00a0 e ngat\u00ebrroni me 20 deputet\u00eb.<\/p>","protected":false},"excerpt":{"rendered":"<p>Deputeti Lu\u00e7iano Bo\u00e7i ka folur jasht\u00eb sall\u00ebs s\u00eb Parlamentit n\u00eb lidhje me procesin e zgjedhjes s\u00eb presidentit t\u00eb ri t\u00eb vendit. Bo\u00e7i tha se c\u00ebshtja e presidentit \u00ebsht\u00eb politike nd\u00ebrsa shtoi se ia ka b\u00ebr\u00eb ftes\u00ebn dhe Alibeajt q\u00eb t\u00eb jet\u00eb pjes\u00eb e grupit negociator t\u00eb PD n\u00eb cil\u00ebsin\u00eb e deputetit. Po ashtu Bo\u00e7i tha [&hellip;]<\/p>\n","protected":false},"author":2020,"featured_media":257864,"comment_status":"closed","ping_status":"closed","sticky":false,"template":"","format":"standard","meta":{"footnotes":""},"categories":[241,5380,231],"tags":[],"class_list":{"0":"post-257863","1":"post","2":"type-post","3":"status-publish","4":"format-standard","5":"has-post-thumbnail","7":"category-aktualitet","8":"category-kryesore","9":"category-lajme"},"_links":{"self":[{"href":"https:\/\/zjarr.tv\/en\/wp-json\/wp\/v2\/posts\/257863","targetHints":{"allow":["GET"]}}],"collection":[{"href":"https:\/\/zjarr.tv\/en\/wp-json\/wp\/v2\/posts"}],"about":[{"href":"https:\/\/zjarr.tv\/en\/wp-json\/wp\/v2\/types\/post"}],"author":[{"embeddable":true,"href":"https:\/\/zjarr.tv\/en\/wp-json\/wp\/v2\/users\/2020"}],"replies":[{"embeddable":true,"href":"https:\/\/zjarr.tv\/en\/wp-json\/wp\/v2\/comments?post=257863"}],"version-history":[{"count":0,"href":"https:\/\/zjarr.tv\/en\/wp-json\/wp\/v2\/posts\/257863\/revisions"}],"wp:featuredmedia":[{"embeddable":true,"href":"https:\/\/zjarr.tv\/en\/wp-json\/wp\/v2\/media\/257864"}],"wp:attachment":[{"href":"https:\/\/zjarr.tv\/en\/wp-json\/wp\/v2\/media?parent=257863"}],"wp:term":[{"taxonomy":"category","embeddable":true,"href":"https:\/\/zjarr.tv\/en\/wp-json\/wp\/v2\/categories?post=257863"},{"taxonomy":"post_tag","embeddable":true,"href":"https:\/\/zjarr.tv\/en\/wp-json\/wp\/v2\/tags?post=257863"}],"curies":[{"name":"wp","href":"https:\/\/api.w.org\/{rel}","templated":true}]}}