{"id":257869,"date":"2022-05-12T14:05:44","date_gmt":"2022-05-12T12:05:44","guid":{"rendered":"https:\/\/zjarr.tv\/?p=257869"},"modified":"2022-05-12T14:05:44","modified_gmt":"2022-05-12T12:05:44","slug":"agron-gjekmarkaj-per-percarjen-e-pd-ne-kete-pike-na-ka-cuar-lufta-civile-brenda-nje-mentaliteti","status":"publish","type":"post","link":"https:\/\/zjarr.tv\/en\/agron-gjekmarkaj-per-percarjen-e-pd-ne-kete-pike-na-ka-cuar-lufta-civile-brenda-nje-mentaliteti\/","title":{"rendered":"Agron Gjekmarkaj p\u00ebr p\u00ebr\u00e7arjen e PD: N\u00eb k\u00ebt\u00eb pik\u00eb na ka \u00e7uar lufta civile brenda nj\u00eb mentaliteti!"},"content":{"rendered":"<p>\u201cN\u00eb k\u00ebt\u00eb pik\u00eb na ka \u00e7uar konflikti civile brenda t\u00eb nj\u00ebjtit mentalitet dhe mend\u00ebsi. E reja, e ndryshmja, nuk z\u00eb n\u00eb truallin e unit, n\u00eb tok\u00ebn q\u00eb ujitet vet\u00ebm me interesa personale q\u00eb ambalazhohen si kauza t\u00eb p\u00ebrbashk\u00ebta.\u201d<\/p>\n<p>K\u00ebshtu \u00ebsht\u00eb shprehur sot n\u00eb Kuvend deputeti Agron Gjekmarkaj. Sipas tij, ajo q\u00eb po ndodh brenda partis\u00eb kryesore t\u00eb opozit\u00ebs, \u00ebsht\u00eb nj\u00eb tregues i fort\u00eb antropologjik i kultur\u00ebs politike n\u00eb vend.<\/p>\n<p>\u201cKrizat tejkalohet kur shfaqet nj\u00eb mend\u00ebsi e re, qoft\u00eb edhe minoritare n\u00eb fillim. N\u00eb PD sot gjithkush flet p\u00ebr gjith\u00e7ka. N\u00eb PD sot s\u2019ka as tabu, as mite, thjesht nj\u00eb muze i p\u00ebrkohsh\u00ebm p\u00ebr to. Z\u00ebrat e shumt\u00eb i japin fytyr\u00eb kriz\u00ebs, por nuk mund ta zgjidhin at\u00eb\u201d, u shpreh Gjekmarkaj.<\/p>\n<p>Pjes\u00eb nga fjala e deputetit t\u00eb PD:<\/p>\n<p>Kur ka patur reflektim p\u00ebr kushtrimin e l\u00ebshuar, ajo \u00ebsht\u00eb b\u00ebr\u00eb m\u00eb demokratike dhe Shqip\u00ebria po aq. Ajo \u00ebsht\u00eb b\u00ebr\u00eb fituese dhe Shqip\u00ebria po kaq ka fituar. Sot, pas 32 vitesh ajo \u00ebsht\u00eb n\u00eb nj\u00eb kap\u00ebrcyell ekzistencial mes ideve t\u00eb reja dhe tabuve t\u00eb vjetra. N\u00eb konfliktin disa mujor, nuk jemi sot n\u00eb k\u00ebt\u00eb pik\u00eb p\u00ebr fat t\u00eb keq se p\u00ebrplasen dy mentalitete, nj\u00eb i ri dhe nj\u00eb i vjet\u00ebr.<\/p>\n<p>Jo. N\u00eb k\u00ebt\u00eb pik\u00eb na ka \u00e7uar konflikti civile brenda t\u00eb nj\u00ebjtit mentalitet dhe mend\u00ebsi. E reja, e ndryshmja, nuk z\u00eb n\u00eb truallin e unit, n\u00eb tok\u00ebn q\u00eb ujitet vet\u00ebm me interesa personale q\u00eb ambalazhohen si kauza t\u00eb p\u00ebrbashk\u00ebta.<\/p>\n<p>Krizat tejkalohet kur shfaqet nj\u00eb mend\u00ebsi e re, qoft\u00eb edhe minoritare n\u00eb fillim. N\u00eb PD sot gjithkush flet p\u00ebr gjith\u00e7ka. N\u00eb PD sot s\u2019ka as tabu, as mite, thjesht nj\u00eb muze i p\u00ebrkohsh\u00ebm p\u00ebr to. Z\u00ebrat e shumt\u00eb i japin fytyr\u00eb kriz\u00ebs, por nuk mund ta zgjidhin at\u00eb.<\/p>\n<p>Ne t\u00eb PD na ka lodhur e konsumuar pushteti i munguar, me shpres\u00ebn se kjo sh\u00ebrben p\u00ebr t\u00eb ndryshuar kultur\u00ebn politike n\u00eb vend. Kjo ndodh n\u00ebse turma nuk k\u00ebrkon kok\u00ebn e Sokratit n\u00eb em\u00ebr t\u00eb tiranit.<\/p>","protected":false},"excerpt":{"rendered":"<p>\u201cN\u00eb k\u00ebt\u00eb pik\u00eb na ka \u00e7uar konflikti civile brenda t\u00eb nj\u00ebjtit mentalitet dhe mend\u00ebsi. E reja, e ndryshmja, nuk z\u00eb n\u00eb truallin e unit, n\u00eb tok\u00ebn q\u00eb ujitet vet\u00ebm me interesa personale q\u00eb ambalazhohen si kauza t\u00eb p\u00ebrbashk\u00ebta.\u201d K\u00ebshtu \u00ebsht\u00eb shprehur sot n\u00eb Kuvend deputeti Agron Gjekmarkaj. Sipas tij, ajo q\u00eb po ndodh brenda partis\u00eb [&hellip;]<\/p>\n","protected":false},"author":2020,"featured_media":257870,"comment_status":"closed","ping_status":"closed","sticky":false,"template":"","format":"standard","meta":{"footnotes":""},"categories":[241,5380,231],"tags":[],"class_list":{"0":"post-257869","1":"post","2":"type-post","3":"status-publish","4":"format-standard","5":"has-post-thumbnail","7":"category-aktualitet","8":"category-kryesore","9":"category-lajme"},"_links":{"self":[{"href":"https:\/\/zjarr.tv\/en\/wp-json\/wp\/v2\/posts\/257869","targetHints":{"allow":["GET"]}}],"collection":[{"href":"https:\/\/zjarr.tv\/en\/wp-json\/wp\/v2\/posts"}],"about":[{"href":"https:\/\/zjarr.tv\/en\/wp-json\/wp\/v2\/types\/post"}],"author":[{"embeddable":true,"href":"https:\/\/zjarr.tv\/en\/wp-json\/wp\/v2\/users\/2020"}],"replies":[{"embeddable":true,"href":"https:\/\/zjarr.tv\/en\/wp-json\/wp\/v2\/comments?post=257869"}],"version-history":[{"count":0,"href":"https:\/\/zjarr.tv\/en\/wp-json\/wp\/v2\/posts\/257869\/revisions"}],"wp:featuredmedia":[{"embeddable":true,"href":"https:\/\/zjarr.tv\/en\/wp-json\/wp\/v2\/media\/257870"}],"wp:attachment":[{"href":"https:\/\/zjarr.tv\/en\/wp-json\/wp\/v2\/media?parent=257869"}],"wp:term":[{"taxonomy":"category","embeddable":true,"href":"https:\/\/zjarr.tv\/en\/wp-json\/wp\/v2\/categories?post=257869"},{"taxonomy":"post_tag","embeddable":true,"href":"https:\/\/zjarr.tv\/en\/wp-json\/wp\/v2\/tags?post=257869"}],"curies":[{"name":"wp","href":"https:\/\/api.w.org\/{rel}","templated":true}]}}