{"id":257873,"date":"2022-05-12T14:13:18","date_gmt":"2022-05-12T12:13:18","guid":{"rendered":"https:\/\/zjarr.tv\/?p=257873"},"modified":"2022-05-12T14:13:18","modified_gmt":"2022-05-12T12:13:18","slug":"hua-per-barazine-gjinore-duma-ne-kuvend-me-50-mln-euro-te-mos-behen-projekte-jepuni-grave-mbeshtetje-financiare","status":"publish","type":"post","link":"https:\/\/zjarr.tv\/en\/hua-per-barazine-gjinore-duma-ne-kuvend-me-50-mln-euro-te-mos-behen-projekte-jepuni-grave-mbeshtetje-financiare\/","title":{"rendered":"Hua p\u00ebr barazin\u00eb gjinore, Duma n\u00eb Kuvend: Me 50 mln euro t\u00eb mos b\u00ebhen projekte, jepuni grave mb\u00ebshtetje financiare"},"content":{"rendered":"<p>Deputetja Grida Duma ka folur n\u00eb Kuvend n\u00eb lidhje me\u00a0 projektligjin \u201cP\u00ebr ratifikimin e marr\u00ebveshjes s\u00eb huas, nd\u00ebrmjet K\u00ebshillit t\u00eb Ministrave t\u00eb Republik\u00ebs s\u00eb Shqip\u00ebris\u00eb dhe Agjencis\u00eb Franceze p\u00ebr Zhvillim, p\u00ebr nj\u00eb hua t\u00eb bazuar n\u00eb politika p\u00ebr mb\u00ebshtetjen e barazis\u00eb gjinore, n\u00eb eksesin ndaj mund\u00ebsive ekonomike n\u00eb Shqip\u00ebri\u201d.<\/p>\n<p>Duma teksa diskutoi mbi marr\u00ebveshjen e huas me agjencin\u00eb franceze p\u00ebr zhvillim, deklaroi se shuma prej 50 milion\u00eb euro p\u00ebr grat\u00eb \u00ebsht\u00eb borxh. Deputetja nd\u00ebr t\u00eb tjera tha se 50 milion eurot t\u2019i jepen grave q\u00eb kan\u00eb nevoj\u00eb dhe q\u00eb s\u2019kan\u00eb ku strehon dhe jo t\u00eb shkojn\u00eb p\u00ebr projekte.<\/p>\n<p>\u201cK\u00ebtu problemi \u00ebsht\u00eb gati historik p\u00ebr keq. Q\u00eb \u00ebsht\u00eb vendosja e kapakut t\u00eb puset\u00ebs. T\u00eb stilit q\u00eb thot\u00eb dhe kryeministri, \u201cne nuk jemi m\u00eb t\u00eb mir\u00ebt, por m\u00eb t\u00eb mir\u00eb se ne nuk ka\u201d, \u201cne s\u2019kemi arritur shum\u00eb se kemi akoma p\u00ebr t\u00eb arritur, por shum\u00eb kemi b\u00ebr\u00eb, por kemi ende p\u00ebr t\u00eb b\u00ebr\u00eb\u201d. Pavar\u00ebsisht k\u00ebsaj nj\u00eb gj\u00eb e dini ju, kjo nuk \u00ebsht\u00eb barazi gjinore. 50 milion euro \u00ebsht\u00eb mb\u00ebshtetje. N\u00ebse p\u00ebr gruan do investoheshin 50 milion\u00eb euro kjo do t\u00eb ishte nj\u00eb gj\u00eb e madhe. Personalisht jam 0 te keto projekte dhe t\u00eb shkojn\u00eb n\u00eb ndihme financiare p\u00ebr grat\u00eb. Ato jetojn\u00eb akoma me abuzuesit. Pse? Sepse ekonomikisht ajo nuk ka mund\u00ebsi tjet\u00ebr. Nd\u00ebrkoh\u00eb q\u00eb realiteti \u00ebsht\u00eb ndryshe, realiteti\u00a0 tregon se grat\u00eb vriten.<\/p>\n<p>Kjo \u00ebsht\u00eb hipokrizi. N\u00eb rast se grat\u00eb e politik\u00ebs nuk mbrojn\u00eb vetveten, largqoft\u00eb se s\u2019din\u00eb t\u00eb b\u00ebjn\u00eb politik\u00eb. Barazia gjinore nuk \u00ebsht\u00eb q\u00eb t\u2019i japim 50 mln me kapakun e puset\u00ebs. Kam pyetur dhe m\u00eb than\u00eb; \u00ebsht\u00eb borxh. A mund t\u00eb dilni k\u00ebtu dhe t\u00eb thoni t\u00eb v\u00ebrtet\u00ebn! \u00c7far\u00eb nxijm\u00eb ne, kur jan\u00eb rritur me 10% vrasjet. Ju thoni; askes te asetet. Q\u00eb dometh\u00ebn\u00eb se kur shitet nj\u00eb pron\u00eb, noteri s\u2019ka t\u00eb drejt\u00eb q\u00eb ta shesi pa firm\u00ebn e gruas.<\/p>\n<p>Gruaja shqiptare rrihet nga vjehrri, nga vjehrra, nga burri, nga t\u00eb gjith\u00eb. Kap \u00e7a t\u00eb kap\u00ebsh, e kemi kthyer n\u00eb moto. Barazia gjinore \u00ebsht\u00eb kthyer n\u00eb \u00e7\u00ebshtje klikimesh. Pres q\u00eb dikush nga ju t\u00eb thot\u00eb; po zonj\u00eb, kjo nuk \u00ebsht\u00eb barazi gjinore, por borxh dhe deficit. Ne nuk jemi pro k\u00ebsaj gj\u00ebje, se kund\u00ebrshtuam p\u00ebr nj\u00eb arsye tjet\u00ebr, sepse mendojm\u00eb se marrja e parave nga ADF \u00ebsht\u00eb ADF prestigjioze q\u00eb do t\u00eb moderoj\u00eb buxhetimin. Pse Serbia merr projekte dhe ne nuk marrim? Pse ne marrim borxhe dhe ata projekte? Ne arrijm\u00eb me zor t\u00eb b\u00ebjm\u00eb nj\u00eb projekt dhe po i paguajm\u00eb sot ato q\u00eb kemi b\u00ebr\u00eb dje\u201d, tha Duma nd\u00ebr t\u00eb<\/p>","protected":false},"excerpt":{"rendered":"<p>Deputetja Grida Duma ka folur n\u00eb Kuvend n\u00eb lidhje me\u00a0 projektligjin \u201cP\u00ebr ratifikimin e marr\u00ebveshjes s\u00eb huas, nd\u00ebrmjet K\u00ebshillit t\u00eb Ministrave t\u00eb Republik\u00ebs s\u00eb Shqip\u00ebris\u00eb dhe Agjencis\u00eb Franceze p\u00ebr Zhvillim, p\u00ebr nj\u00eb hua t\u00eb bazuar n\u00eb politika p\u00ebr mb\u00ebshtetjen e barazis\u00eb gjinore, n\u00eb eksesin ndaj mund\u00ebsive ekonomike n\u00eb Shqip\u00ebri\u201d. Duma teksa diskutoi mbi marr\u00ebveshjen e [&hellip;]<\/p>\n","protected":false},"author":2020,"featured_media":257874,"comment_status":"closed","ping_status":"closed","sticky":false,"template":"","format":"standard","meta":{"footnotes":""},"categories":[241,5380,231],"tags":[],"class_list":{"0":"post-257873","1":"post","2":"type-post","3":"status-publish","4":"format-standard","5":"has-post-thumbnail","7":"category-aktualitet","8":"category-kryesore","9":"category-lajme"},"_links":{"self":[{"href":"https:\/\/zjarr.tv\/en\/wp-json\/wp\/v2\/posts\/257873","targetHints":{"allow":["GET"]}}],"collection":[{"href":"https:\/\/zjarr.tv\/en\/wp-json\/wp\/v2\/posts"}],"about":[{"href":"https:\/\/zjarr.tv\/en\/wp-json\/wp\/v2\/types\/post"}],"author":[{"embeddable":true,"href":"https:\/\/zjarr.tv\/en\/wp-json\/wp\/v2\/users\/2020"}],"replies":[{"embeddable":true,"href":"https:\/\/zjarr.tv\/en\/wp-json\/wp\/v2\/comments?post=257873"}],"version-history":[{"count":0,"href":"https:\/\/zjarr.tv\/en\/wp-json\/wp\/v2\/posts\/257873\/revisions"}],"wp:featuredmedia":[{"embeddable":true,"href":"https:\/\/zjarr.tv\/en\/wp-json\/wp\/v2\/media\/257874"}],"wp:attachment":[{"href":"https:\/\/zjarr.tv\/en\/wp-json\/wp\/v2\/media?parent=257873"}],"wp:term":[{"taxonomy":"category","embeddable":true,"href":"https:\/\/zjarr.tv\/en\/wp-json\/wp\/v2\/categories?post=257873"},{"taxonomy":"post_tag","embeddable":true,"href":"https:\/\/zjarr.tv\/en\/wp-json\/wp\/v2\/tags?post=257873"}],"curies":[{"name":"wp","href":"https:\/\/api.w.org\/{rel}","templated":true}]}}