{"id":257876,"date":"2022-05-12T14:17:51","date_gmt":"2022-05-12T12:17:51","guid":{"rendered":"https:\/\/zjarr.tv\/?p=257876"},"modified":"2022-05-12T14:17:51","modified_gmt":"2022-05-12T12:17:51","slug":"taulant-balla-takohet-neser-me-doden-dhe-mediun-per-presidentin-asnje-qendrim-nga-alibeaj","status":"publish","type":"post","link":"https:\/\/zjarr.tv\/en\/taulant-balla-takohet-neser-me-doden-dhe-mediun-per-presidentin-asnje-qendrim-nga-alibeaj\/","title":{"rendered":"Taulant Balla takohet nes\u00ebr me Dod\u00ebn dhe Mediun p\u00ebr Presidentin, asnj\u00eb q\u00ebndrim nga Alibeaj"},"content":{"rendered":"<p>Kreu i Grupit t\u00eb PS Taulant Balla, do t\u00eb takohet nes\u00ebr me Mesila Dod\u00ebn dhe Fatmir Mediun p\u00ebr t\u00eb diskutuar p\u00ebr procedurat, p\u00ebr zgjedhjen e Presidentit t\u00eb Republik\u00ebs. Mbledhja pritet t\u00eb nis\u00eb n\u00eb or\u00ebn 09.00, n\u00eb ambientet e Kuvendit.<\/p>\n<p>Deri tani nuk ka asnj\u00eb njoftim p\u00ebr q\u00ebndrimin q\u00eb do t\u00eb mbaj\u00eb Enkelejd Alibeaj, si kryetar i Grupit Parlamentar t\u00eb PD. Po ashtu, nuk dihet n\u00ebse n\u00eb takimin e nes\u00ebrm do t\u00eb jet\u00eb dhe p\u00ebrfaq\u00ebsuesi i Rithemelimit Lu\u00e7iano Bo\u00e7i, megjith\u00ebse socialist\u00ebt jan\u00eb shprehur me nuk e njohin k\u00ebt\u00eb grupim.<\/p>\n<p>Sipas tyre, mazhoranca nuk do t\u00eb diskutoj\u00eb p\u00ebr zgjedhjen e kreut t\u00eb shtetit me asnj\u00eb \u201cnon-grat\u00eb\u201d.<\/p>\n<p>Raundi i par\u00eb p\u00ebr propozimin e emrave p\u00ebr President t\u00eb Republik\u00ebs do t\u00eb mbahet m\u00eb dat\u00eb 16 maj. Deri tani pal\u00ebt kan\u00eb qen\u00eb hermetike dhe nuk kan\u00eb b\u00ebr\u00eb ndonj\u00eb deklarat\u00eb paraprake se cil\u00ebt emra mund t\u00eb propozojn\u00eb.<\/p>","protected":false},"excerpt":{"rendered":"<p>Kreu i Grupit t\u00eb PS Taulant Balla, do t\u00eb takohet nes\u00ebr me Mesila Dod\u00ebn dhe Fatmir Mediun p\u00ebr t\u00eb diskutuar p\u00ebr procedurat, p\u00ebr zgjedhjen e Presidentit t\u00eb Republik\u00ebs. Mbledhja pritet t\u00eb nis\u00eb n\u00eb or\u00ebn 09.00, n\u00eb ambientet e Kuvendit. Deri tani nuk ka asnj\u00eb njoftim p\u00ebr q\u00ebndrimin q\u00eb do t\u00eb mbaj\u00eb Enkelejd Alibeaj, si kryetar [&hellip;]<\/p>\n","protected":false},"author":2020,"featured_media":158711,"comment_status":"closed","ping_status":"closed","sticky":false,"template":"","format":"standard","meta":{"footnotes":""},"categories":[241,5380,231],"tags":[],"class_list":{"0":"post-257876","1":"post","2":"type-post","3":"status-publish","4":"format-standard","5":"has-post-thumbnail","7":"category-aktualitet","8":"category-kryesore","9":"category-lajme"},"_links":{"self":[{"href":"https:\/\/zjarr.tv\/en\/wp-json\/wp\/v2\/posts\/257876","targetHints":{"allow":["GET"]}}],"collection":[{"href":"https:\/\/zjarr.tv\/en\/wp-json\/wp\/v2\/posts"}],"about":[{"href":"https:\/\/zjarr.tv\/en\/wp-json\/wp\/v2\/types\/post"}],"author":[{"embeddable":true,"href":"https:\/\/zjarr.tv\/en\/wp-json\/wp\/v2\/users\/2020"}],"replies":[{"embeddable":true,"href":"https:\/\/zjarr.tv\/en\/wp-json\/wp\/v2\/comments?post=257876"}],"version-history":[{"count":0,"href":"https:\/\/zjarr.tv\/en\/wp-json\/wp\/v2\/posts\/257876\/revisions"}],"wp:featuredmedia":[{"embeddable":true,"href":"https:\/\/zjarr.tv\/en\/wp-json\/wp\/v2\/media\/158711"}],"wp:attachment":[{"href":"https:\/\/zjarr.tv\/en\/wp-json\/wp\/v2\/media?parent=257876"}],"wp:term":[{"taxonomy":"category","embeddable":true,"href":"https:\/\/zjarr.tv\/en\/wp-json\/wp\/v2\/categories?post=257876"},{"taxonomy":"post_tag","embeddable":true,"href":"https:\/\/zjarr.tv\/en\/wp-json\/wp\/v2\/tags?post=257876"}],"curies":[{"name":"wp","href":"https:\/\/api.w.org\/{rel}","templated":true}]}}