{"id":257894,"date":"2022-05-12T15:29:46","date_gmt":"2022-05-12T13:29:46","guid":{"rendered":"https:\/\/zjarr.tv\/?p=257894"},"modified":"2022-05-12T15:29:46","modified_gmt":"2022-05-12T13:29:46","slug":"debate-mes-berishes-dhe-manjes-ne-kuvend-ish-kryeministri-cfare-te-shtyn-te-behesh-bodigard-i-edi-rames-ministri-une-e-kam-per-nder-qe-jam-sherbetor","status":"publish","type":"post","link":"https:\/\/zjarr.tv\/en\/debate-mes-berishes-dhe-manjes-ne-kuvend-ish-kryeministri-cfare-te-shtyn-te-behesh-bodigard-i-edi-rames-ministri-une-e-kam-per-nder-qe-jam-sherbetor\/","title":{"rendered":"Debate mes Berish\u00ebs dhe Manj\u00ebs n\u00eb Kuvend\/ Ish-kryeministri: \u00c7far\u00eb t\u00eb shtyn t\u00eb b\u00ebhesh bodigard i Edi Ram\u00ebs? Ministri: Un\u00eb e kam p\u00ebr nder q\u00eb jam sh\u00ebrb\u00ebtor\u2026."},"content":{"rendered":"<p>Debate ka pasur sot n\u00eb Kuvend mes ish-kryeministrit Sali Berisha dhe ministrit t\u00eb drejt\u00ebsis\u00eb Ulsi Manja.<\/p>\n<p>Teksa Berisha tha se qeveria e Ram\u00ebs i ka nxir\u00eb jet\u00ebn gruas shqiptare, gjat\u00eb replik\u00ebs s\u00eb tij ministri Manja tha se gjuha e p\u00ebrdorur nga ai p\u00ebr grat\u00eb ishte e ashp\u00ebr. Ish-kryeministri ia ktheu duke e pyetur Manj\u00ebn se p\u00ebrse ai \u00ebsht\u00eb kthyer n\u00eb nj\u00eb bodigard t\u00eb Ram\u00ebs teksa ministri u shpreh i lumtur q\u00eb \u00ebsht\u00eb nj\u00eb sh\u00ebrb\u00ebtor n\u00eb qeverin\u00eb Rama 3.<\/p>\n<p>Berisha: Ju i keni nxir\u00eb jet\u00ebn gruas shqiptare. I keni shnd\u00ebrruar n\u00ebna q\u00eb lindin f\u00ebmij\u00eb p\u00ebr emigracion nd\u00ebrsa vet\u00eb pasuroheni. N\u00eb n\u00ebna q\u00eb humbasin vog\u00eblush cdo vit rritje. n\u00eb asnje vend si ju n\u00eb Europ\u00eb nuk vendoset kanabizimi si politik\u00eb zyrtare. Edi Rama deklaroi se do pyes k\u00ebshillimet, n\u00ebse jan\u00eb dakort apo jo p\u00ebr p\u00ebrdorimin personal t\u00eb drog\u00ebs. E di cfar\u00eb fatkeqesish I keni b\u00ebr\u00eb grave shqiptare. Pse do flas vet\u00ebm opozita, ju duhet t\u00eb jeni t\u00eb par\u00ebt keni m\u00eb shum\u00eb mund\u00ebsi. A e dini ju q\u00eb borxhi publik \u00ebsht\u00eb mallkim publik?<\/p>\n<p>Kemi nj\u00eb borxh 106 %, keni rrit taksat dhe keni vjedh vjedh. 700 mln jan\u00eb dh\u00ebn\u00eb p\u00ebr ahengje nga fondi rezerve, \u00ebsht\u00eb cmenduri. Ku e kemi k\u00ebt\u00eb luks.<\/p>\n<p>Manja: Kur flet Berisha me kaq patos p\u00ebr barazin\u00eb gjinore, t\u00eb mbushet mendja se ke nj\u00eb kalor\u00ebs t\u00eb barazis\u00eb gjinore p\u00ebrpara.<\/p>\n<p>Saliu i tret\u00eb \u00ebsht\u00eb ky, prodhoi gjith\u00eb ato tragjedi jo vet\u00ebm n\u00eb fush\u00ebn sociale, por q\u00eb jan\u00eb paguar me kosto t\u00eb lart\u00eb. Edhe gjuha q\u00eb p\u00ebrdore sot, \u00ebsht\u00eb dhun\u00eb n\u00eb vetvete mbi grat\u00eb, e ashp\u00ebr, viktimizuese dhe e zez\u00eb e nuk ka lidhje me avokatin\u00eb q\u00eb ti k\u00ebrkon tu b\u00ebsh c\u00ebshtjeve t\u00eb barazis\u00eb gjinore.<\/p>\n<p>Sa her\u00eb del k\u00ebtu \u00ebsht\u00eb nj\u00eblloj sikur sa her\u00eb autori kthehet te vendi i krimit.<\/p>\n<p>Berisha-Manjes: Nj\u00eb pyetje kam p\u00eb ty. Cfar\u00eb t\u00eb shtyn t\u00eb b\u00ebhesh bodigard i Edi Ram\u00ebs? Un\u00eb e di por hapja zemr\u00ebn kolektivit.<\/p>\n<ul>\n<li style=\"text-align: left;\">Manja: Un\u00eb e kam p\u00ebr nder q\u00eb jam sh\u00ebrb\u00ebtor n\u00eb qeverin\u00eb Rama 3 dhe sh\u00ebrb\u00ebtor i qytetar\u00ebve shqiptar\u00eb.<\/li>\n<\/ul>","protected":false},"excerpt":{"rendered":"<p>Debate ka pasur sot n\u00eb Kuvend mes ish-kryeministrit Sali Berisha dhe ministrit t\u00eb drejt\u00ebsis\u00eb Ulsi Manja. Teksa Berisha tha se qeveria e Ram\u00ebs i ka nxir\u00eb jet\u00ebn gruas shqiptare, gjat\u00eb replik\u00ebs s\u00eb tij ministri Manja tha se gjuha e p\u00ebrdorur nga ai p\u00ebr grat\u00eb ishte e ashp\u00ebr. Ish-kryeministri ia ktheu duke e pyetur Manj\u00ebn se [&hellip;]<\/p>\n","protected":false},"author":2020,"featured_media":257895,"comment_status":"closed","ping_status":"closed","sticky":false,"template":"","format":"standard","meta":{"footnotes":""},"categories":[241,5380,231],"tags":[],"class_list":{"0":"post-257894","1":"post","2":"type-post","3":"status-publish","4":"format-standard","5":"has-post-thumbnail","7":"category-aktualitet","8":"category-kryesore","9":"category-lajme"},"_links":{"self":[{"href":"https:\/\/zjarr.tv\/en\/wp-json\/wp\/v2\/posts\/257894","targetHints":{"allow":["GET"]}}],"collection":[{"href":"https:\/\/zjarr.tv\/en\/wp-json\/wp\/v2\/posts"}],"about":[{"href":"https:\/\/zjarr.tv\/en\/wp-json\/wp\/v2\/types\/post"}],"author":[{"embeddable":true,"href":"https:\/\/zjarr.tv\/en\/wp-json\/wp\/v2\/users\/2020"}],"replies":[{"embeddable":true,"href":"https:\/\/zjarr.tv\/en\/wp-json\/wp\/v2\/comments?post=257894"}],"version-history":[{"count":0,"href":"https:\/\/zjarr.tv\/en\/wp-json\/wp\/v2\/posts\/257894\/revisions"}],"wp:featuredmedia":[{"embeddable":true,"href":"https:\/\/zjarr.tv\/en\/wp-json\/wp\/v2\/media\/257895"}],"wp:attachment":[{"href":"https:\/\/zjarr.tv\/en\/wp-json\/wp\/v2\/media?parent=257894"}],"wp:term":[{"taxonomy":"category","embeddable":true,"href":"https:\/\/zjarr.tv\/en\/wp-json\/wp\/v2\/categories?post=257894"},{"taxonomy":"post_tag","embeddable":true,"href":"https:\/\/zjarr.tv\/en\/wp-json\/wp\/v2\/tags?post=257894"}],"curies":[{"name":"wp","href":"https:\/\/api.w.org\/{rel}","templated":true}]}}