{"id":258007,"date":"2022-05-13T07:27:44","date_gmt":"2022-05-13T05:27:44","guid":{"rendered":"https:\/\/zjarr.tv\/?p=258007"},"modified":"2022-05-13T07:27:44","modified_gmt":"2022-05-13T05:27:44","slug":"i-zbulon-luciano-boci-keta-jane-dy-emrat-qe-mund-te-propozoje-rithemelimi-per-presidentin-e-ri","status":"publish","type":"post","link":"https:\/\/zjarr.tv\/en\/i-zbulon-luciano-boci-keta-jane-dy-emrat-qe-mund-te-propozoje-rithemelimi-per-presidentin-e-ri\/","title":{"rendered":"I zbulon Lu\u00e7iano Bo\u00e7i, k\u00ebta jan\u00eb dy emrat q\u00eb mund t\u00eb propozoj\u00eb \u201cRithemelimi\u201d p\u00ebr Presidentin e ri"},"content":{"rendered":"<p>Deputeti demokrat Lu\u00e7iano Bo\u00e7i ka zbuluar dy emrat q\u00eb plot\u00ebsojn\u00eb kriteret e vendosura nga Grupi i Rithemelimit t\u00eb PD-s\u00eb p\u00ebr Presidnetin e ri t\u00eb vendit.<\/p>\n<p>Ai tha n\u00eb Abc se emrat q\u00eb plot\u00ebsojn\u00eb kriteret jan\u00eb Dritan Demiraj dhe Neritan Ceka, teksa u shpreh se Presidenti i ri duhet t\u00eb jet\u00eb nj\u00eb person publik por jo shum\u00eb politik.<\/p>\n<p>Pjes\u00eb nga biseda:<\/p>\n<p>Xhafo: Cila do t\u00eb ishte figura e Presidentit q\u00eb mund t\u00eb k\u00ebnaqte Rithemelimin, mund t\u00eb na b\u00ebni nj\u00eb identikit?<\/p>\n<p>Bo\u00e7i: Identikiti \u00ebsht\u00eb qenia e nj\u00eb figure publike jo shum\u00eb politike q\u00eb ka shfaqur forc\u00eb karakteri n\u00eb angazhimet publike dhe q\u00eb ka integritet t\u00eb plot\u00eb profesional, pse jo dhe intelektual. T\u00eb jet\u00eb nj\u00eb figur\u00eb e njohur n\u00eb publik.<\/p>\n<p>Xhafo: Kush do t\u00eb ishte?<\/p>\n<p>Bo\u00e7i: Do t\u00eb ishte nj\u00eb personalitet si Dritan Demiraj i propozuar nga Vatra, mund t\u00eb ishte dhe Neritan Ceka.<\/p>","protected":false},"excerpt":{"rendered":"<p>Deputeti demokrat Lu\u00e7iano Bo\u00e7i ka zbuluar dy emrat q\u00eb plot\u00ebsojn\u00eb kriteret e vendosura nga Grupi i Rithemelimit t\u00eb PD-s\u00eb p\u00ebr Presidnetin e ri t\u00eb vendit. Ai tha n\u00eb Abc se emrat q\u00eb plot\u00ebsojn\u00eb kriteret jan\u00eb Dritan Demiraj dhe Neritan Ceka, teksa u shpreh se Presidenti i ri duhet t\u00eb jet\u00eb nj\u00eb person publik por jo [&hellip;]<\/p>\n","protected":false},"author":2031,"featured_media":258008,"comment_status":"closed","ping_status":"closed","sticky":false,"template":"","format":"standard","meta":{"footnotes":""},"categories":[241,231,235],"tags":[],"class_list":{"0":"post-258007","1":"post","2":"type-post","3":"status-publish","4":"format-standard","5":"has-post-thumbnail","7":"category-aktualitet","8":"category-lajme","9":"category-vendi"},"_links":{"self":[{"href":"https:\/\/zjarr.tv\/en\/wp-json\/wp\/v2\/posts\/258007","targetHints":{"allow":["GET"]}}],"collection":[{"href":"https:\/\/zjarr.tv\/en\/wp-json\/wp\/v2\/posts"}],"about":[{"href":"https:\/\/zjarr.tv\/en\/wp-json\/wp\/v2\/types\/post"}],"author":[{"embeddable":true,"href":"https:\/\/zjarr.tv\/en\/wp-json\/wp\/v2\/users\/2031"}],"replies":[{"embeddable":true,"href":"https:\/\/zjarr.tv\/en\/wp-json\/wp\/v2\/comments?post=258007"}],"version-history":[{"count":0,"href":"https:\/\/zjarr.tv\/en\/wp-json\/wp\/v2\/posts\/258007\/revisions"}],"wp:featuredmedia":[{"embeddable":true,"href":"https:\/\/zjarr.tv\/en\/wp-json\/wp\/v2\/media\/258008"}],"wp:attachment":[{"href":"https:\/\/zjarr.tv\/en\/wp-json\/wp\/v2\/media?parent=258007"}],"wp:term":[{"taxonomy":"category","embeddable":true,"href":"https:\/\/zjarr.tv\/en\/wp-json\/wp\/v2\/categories?post=258007"},{"taxonomy":"post_tag","embeddable":true,"href":"https:\/\/zjarr.tv\/en\/wp-json\/wp\/v2\/tags?post=258007"}],"curies":[{"name":"wp","href":"https:\/\/api.w.org\/{rel}","templated":true}]}}