{"id":258011,"date":"2022-05-13T07:30:24","date_gmt":"2022-05-13T05:30:24","guid":{"rendered":"https:\/\/zjarr.tv\/?p=258011"},"modified":"2022-05-13T07:30:24","modified_gmt":"2022-05-13T05:30:24","slug":"prokuroria-federale-e-belgjikes-therret-artan-hoxhen-gazetari-do-deshmoje-per-ceshtjen-e-bujshme","status":"publish","type":"post","link":"https:\/\/zjarr.tv\/en\/prokuroria-federale-e-belgjikes-therret-artan-hoxhen-gazetari-do-deshmoje-per-ceshtjen-e-bujshme\/","title":{"rendered":"Prokuroria Federale e BELGJIK\u00cbS th\u00ebrret Artan Hoxh\u00ebn, gazetari do d\u00ebshmoj\u00eb p\u00ebr \u00c7\u00cbSHTJEN E BUJSHME"},"content":{"rendered":"<p>Gazetari Artan Hoxha \u00ebsht\u00eb thirrur p\u00ebr t\u00eb d\u00ebshmuar nga prokruroria federale belge lidhur me \u00e7\u00ebshtjen e \u201cToyota Yaris\u201d.<\/p>\n<p>Lajmin e ka b\u00ebr\u00eb me dije vet\u00eb gazetari investigativ i cili tha se do t\u00eb jap\u00eb d\u00ebshmin\u00eb e tij t\u00eb mart\u00ebn n\u00eb or\u00ebn 10:00.<\/p>\n<p>Hoxha zbuloi dhe nj\u00eb detaj interesant kur tha se prokuror\u00ebt belg\u00eb, t\u00eb cil\u00ebt ishin n\u00eb Shqip\u00ebri pak muaj m\u00eb par\u00eb, nuk pranuan ta merrnin d\u00ebshmin\u00eb e tij n\u00eb Tiran\u00eb, pasi rrezikonte t\u00eb dekonspirohej.<\/p>\n<p>\u201cUn\u00eb jav\u00ebn tjet\u00ebr dit\u00ebn e mart\u00eb n\u00eb or\u00ebn 10:00 do t\u00eb jem pran\u00eb prokuroris\u00eb federale belge p\u00ebr t\u00eb d\u00ebshmuar p\u00ebr \u201cToyota Yaris\u201d, autoritetet belge zgjodh\u00ebn t\u00eb mos e merrnin d\u00ebshmin\u00eb n\u00eb Tiran\u00eb, pasi sipas atyre d\u00ebshmia mund t\u00eb dekonspirohej n\u00eb Tiran\u00eb. N\u00eb \u00e7do prokurori q\u00eb m\u00eb kan\u00eb k\u00ebrkuar un\u00eb kam shkuar dhe kam dh\u00ebn\u00eb d\u00ebshmin\u00eb time\u201d, deklaroi gazetari Hoxha.<\/p>\n<p>\u00c7\u00ebshtja Toyota Yaris apo Auris ka t\u00eb b\u00ebj\u00eb me transportimin nga Belgjika drejt Shqip\u00ebris\u00eb t\u00eb rreth 3.4 milion\u00eb eurove t\u00eb dyshuara nga aktivitet kriminal. P\u00ebr k\u00ebt\u00eb \u00e7\u00ebshtje jan\u00eb proceduar v\u00ebllez\u00ebrit Elvis dhe Alfred Vladi si dhe shofer\u00ebt, por historia u komplikua m\u00eb tep\u00ebr pasi kreu i PD-s\u00eb n\u00eb at\u00eb koh\u00eb, Lulzim Basha e denoncoi ngjarjen disa or\u00eb para se t\u00eb ndodhte.<\/p>","protected":false},"excerpt":{"rendered":"<p>Gazetari Artan Hoxha \u00ebsht\u00eb thirrur p\u00ebr t\u00eb d\u00ebshmuar nga prokruroria federale belge lidhur me \u00e7\u00ebshtjen e \u201cToyota Yaris\u201d. Lajmin e ka b\u00ebr\u00eb me dije vet\u00eb gazetari investigativ i cili tha se do t\u00eb jap\u00eb d\u00ebshmin\u00eb e tij t\u00eb mart\u00ebn n\u00eb or\u00ebn 10:00. Hoxha zbuloi dhe nj\u00eb detaj interesant kur tha se prokuror\u00ebt belg\u00eb, t\u00eb cil\u00ebt [&hellip;]<\/p>\n","protected":false},"author":2031,"featured_media":165238,"comment_status":"closed","ping_status":"closed","sticky":false,"template":"","format":"standard","meta":{"footnotes":""},"categories":[241,231,235],"tags":[],"class_list":{"0":"post-258011","1":"post","2":"type-post","3":"status-publish","4":"format-standard","5":"has-post-thumbnail","7":"category-aktualitet","8":"category-lajme","9":"category-vendi"},"_links":{"self":[{"href":"https:\/\/zjarr.tv\/en\/wp-json\/wp\/v2\/posts\/258011","targetHints":{"allow":["GET"]}}],"collection":[{"href":"https:\/\/zjarr.tv\/en\/wp-json\/wp\/v2\/posts"}],"about":[{"href":"https:\/\/zjarr.tv\/en\/wp-json\/wp\/v2\/types\/post"}],"author":[{"embeddable":true,"href":"https:\/\/zjarr.tv\/en\/wp-json\/wp\/v2\/users\/2031"}],"replies":[{"embeddable":true,"href":"https:\/\/zjarr.tv\/en\/wp-json\/wp\/v2\/comments?post=258011"}],"version-history":[{"count":0,"href":"https:\/\/zjarr.tv\/en\/wp-json\/wp\/v2\/posts\/258011\/revisions"}],"wp:featuredmedia":[{"embeddable":true,"href":"https:\/\/zjarr.tv\/en\/wp-json\/wp\/v2\/media\/165238"}],"wp:attachment":[{"href":"https:\/\/zjarr.tv\/en\/wp-json\/wp\/v2\/media?parent=258011"}],"wp:term":[{"taxonomy":"category","embeddable":true,"href":"https:\/\/zjarr.tv\/en\/wp-json\/wp\/v2\/categories?post=258011"},{"taxonomy":"post_tag","embeddable":true,"href":"https:\/\/zjarr.tv\/en\/wp-json\/wp\/v2\/tags?post=258011"}],"curies":[{"name":"wp","href":"https:\/\/api.w.org\/{rel}","templated":true}]}}