{"id":258019,"date":"2022-05-13T09:04:39","date_gmt":"2022-05-13T07:04:39","guid":{"rendered":"https:\/\/zjarr.tv\/?p=258019"},"modified":"2022-05-13T09:04:39","modified_gmt":"2022-05-13T07:04:39","slug":"i-shpetoi-jeten-te-moshuarit-leli-nuk-ishte-nje-veprim-heroi-thjesht-nje-reagim-normal-si-mjek","status":"publish","type":"post","link":"https:\/\/zjarr.tv\/en\/i-shpetoi-jeten-te-moshuarit-leli-nuk-ishte-nje-veprim-heroi-thjesht-nje-reagim-normal-si-mjek\/","title":{"rendered":"I shp\u00ebtoi jet\u00ebn t\u00eb moshuarit, Leli: Nuk ishte nj\u00eb veprim heroi, thjesht nj\u00eb reagim normal si mjek"},"content":{"rendered":"<p>Kryetari i Bashkis\u00eb s\u00eb Vlor\u00ebs, Dritan Leli, dit\u00ebn e djeshme i ka ardhur n\u00eb ndihm\u00eb nj\u00eb t\u00eb moshuari i cili p\u00ebsoi parainfarkt teksa ishte n\u00eb bregdet.<\/p>\n<p>S\u00eb\u00eb fundmi, Leli tha se ishte nj\u00eb reagim normal q\u00eb do t\u00eb b\u00ebnte \u00e7do mjek dhe nuk do q\u00eb ta trajtoj\u00eb si nj\u00eb veprim heroi.<\/p>\n<p>\u201cNuk dua ta trajtoj me dimensionet e heroit. Thjesht ishte nj\u00eb reagim normal i \u00e7do mjeku. Ishte rast\u00ebsi q\u00eb pam\u00eb pak m\u00eb tutje nj\u00eb zot\u00ebri q\u00eb p\u00ebsoi nj\u00eb situat\u00eb jo t\u00eb k\u00ebndshme. U p\u00ebrpoq\u00ebm t\u2019i jepnim ndihm\u00ebn e par\u00eb. Zot\u00ebria u transferua m\u00eb pas p\u00ebr n\u00eb spital. Ishte nj\u00eb reagim normal por dua t\u00eb them nj\u00eb k\u00ebshill\u00eb p\u00ebr moshat e treta q\u00eb t\u00eb kujdesen shum\u00eb. Jan\u00eb ngritur temperaturat, shum\u00eb guximtar\u00eb futen n\u00eb det dhe si mjek k\u00ebshilloi q\u00eb t\u00eb kujdesemi dhe t\u00eb mos kemi incidente t\u00eb tilla.<\/p>\n<p>\u00cbsht\u00eb detyra e mjeku. \u00c7do mjeku i ndodhin situata t\u00eb tilla dhe nuk mendohen dy her\u00eb p\u00ebr t\u00eb dh\u00ebn\u00eb ndihm\u00ebn n\u00eb momente t\u00eb v\u00ebshtira\u201d, tha Leli p\u00ebr ABC.<\/p>","protected":false},"excerpt":{"rendered":"<p>Kryetari i Bashkis\u00eb s\u00eb Vlor\u00ebs, Dritan Leli, dit\u00ebn e djeshme i ka ardhur n\u00eb ndihm\u00eb nj\u00eb t\u00eb moshuari i cili p\u00ebsoi parainfarkt teksa ishte n\u00eb bregdet. S\u00eb\u00eb fundmi, Leli tha se ishte nj\u00eb reagim normal q\u00eb do t\u00eb b\u00ebnte \u00e7do mjek dhe nuk do q\u00eb ta trajtoj\u00eb si nj\u00eb veprim heroi. \u201cNuk dua ta trajtoj [&hellip;]<\/p>\n","protected":false},"author":2031,"featured_media":194520,"comment_status":"closed","ping_status":"closed","sticky":false,"template":"","format":"standard","meta":{"footnotes":""},"categories":[241,231,235],"tags":[],"class_list":{"0":"post-258019","1":"post","2":"type-post","3":"status-publish","4":"format-standard","5":"has-post-thumbnail","7":"category-aktualitet","8":"category-lajme","9":"category-vendi"},"_links":{"self":[{"href":"https:\/\/zjarr.tv\/en\/wp-json\/wp\/v2\/posts\/258019","targetHints":{"allow":["GET"]}}],"collection":[{"href":"https:\/\/zjarr.tv\/en\/wp-json\/wp\/v2\/posts"}],"about":[{"href":"https:\/\/zjarr.tv\/en\/wp-json\/wp\/v2\/types\/post"}],"author":[{"embeddable":true,"href":"https:\/\/zjarr.tv\/en\/wp-json\/wp\/v2\/users\/2031"}],"replies":[{"embeddable":true,"href":"https:\/\/zjarr.tv\/en\/wp-json\/wp\/v2\/comments?post=258019"}],"version-history":[{"count":0,"href":"https:\/\/zjarr.tv\/en\/wp-json\/wp\/v2\/posts\/258019\/revisions"}],"wp:featuredmedia":[{"embeddable":true,"href":"https:\/\/zjarr.tv\/en\/wp-json\/wp\/v2\/media\/194520"}],"wp:attachment":[{"href":"https:\/\/zjarr.tv\/en\/wp-json\/wp\/v2\/media?parent=258019"}],"wp:term":[{"taxonomy":"category","embeddable":true,"href":"https:\/\/zjarr.tv\/en\/wp-json\/wp\/v2\/categories?post=258019"},{"taxonomy":"post_tag","embeddable":true,"href":"https:\/\/zjarr.tv\/en\/wp-json\/wp\/v2\/tags?post=258019"}],"curies":[{"name":"wp","href":"https:\/\/api.w.org\/{rel}","templated":true}]}}