{"id":258037,"date":"2022-05-13T11:55:12","date_gmt":"2022-05-13T09:55:12","guid":{"rendered":"https:\/\/zjarr.tv\/?p=258037"},"modified":"2022-05-13T11:55:12","modified_gmt":"2022-05-13T09:55:12","slug":"ps-smund-ta-zgjedhe-e-vetme-presidentin-enkelejd-alibeaj-del-me-deklaraten-e-forte-me-votat-e-deputeteve-te-non-gratave","status":"publish","type":"post","link":"https:\/\/zjarr.tv\/en\/ps-smund-ta-zgjedhe-e-vetme-presidentin-enkelejd-alibeaj-del-me-deklaraten-e-forte-me-votat-e-deputeteve-te-non-gratave\/","title":{"rendered":"\u201cPS s\u2019mund ta zgjedh\u00eb e vetme Presidentin\u201d, Enkelejd Alibeaj del me deklarat\u00ebn e fort\u00eb: Me votat e deputet\u00ebve t\u00eb \u2018non gratave\u2019 &#8230;"},"content":{"rendered":"<p>Kreu i grupit parlamentar t\u00eb PD-s\u00eb, Enkelejd Alibeaj ka folur n\u00eb nj\u00eb prononcim p\u00ebr mediat n\u00eb lidhje me procesin p\u00ebr zgjedhjen e Presidentit t\u00eb ri t\u00eb vendit.<\/p>\n<p>\u201cN\u00eb mbledhjen e grupit kemi r\u00ebn\u00eb dakord q\u00eb t\u00eb marrim pjes\u00eb n\u00eb k\u00ebt\u00eb proces, por n\u00eb nj\u00eb proces real, t\u00eb sinqert\u00eb, si\u00e7 e do figura e presidentit. Nj\u00eb figur\u00eb q\u00eb del mbi pal\u00ebt, neutral, t\u2019i q\u00ebndroj\u00eb t\u00eb gjitha sfidave q\u00eb del nga kjo detyr\u00eb. Jemi ofruar p\u00ebr t\u00eb pasur nj\u00eb proces. Procesi \u00ebsht\u00eb i pari, i r\u00ebnd\u00ebsishme, nj\u00eb proces i sinqert\u00eb, bazuar n\u00eb nj\u00eb procedur\u00eb, garancia e par\u00eb. Presidenti, qytetari i par\u00eb, q\u00eb simbolizon unitetin e popullit. P\u00ebr k\u00ebt\u00eb arsye, si\u00e7 besoj jeni n\u00eb dijeni, ia kam p\u00ebrcjell q\u00ebndrimin zyrtar t\u00eb PD, p\u00ebrfaq\u00ebsuesve t\u00eb maxhoranc\u00ebs, edhe t\u00eb grupeve parlamentare, dhe e shohim t\u00eb udh\u00ebs q\u00eb as p\u00ebr aparenc\u00eb mos t\u00eb perceptohet si loj\u00eb apo fars\u00eb. Kushtetuta e ka t\u00eb qart\u00eb, presidenti zgjidhet me 84 vota. E p\u00ebrs\u00ebris, se ka maxhoranca legjitimitetin p\u00ebr t\u00eb zgjedhur ajo e vetmja presidentin, p\u00ebr t\u00eb b\u00ebr\u00eb farsa, pasi s\u00eb pati 3 deputet\u00eb, kan\u00eb lindur, jan\u00eb gjeneruar si non-grata. Dy t\u00eb tjer\u00eb jan\u00eb t\u00eb till\u00eb, jan\u00eb gjeneruar nga fenomeni i vjedhjes s\u00eb vot\u00ebs, si\u00e7 \u00ebsht\u00eb Aqif Rakipi, apo dy t\u00eb tjer\u00eb q\u00eb nuk ndodhen m\u00eb n\u00eb selin\u00eb e kryesis\u00eb s\u00eb parlamentit, pasi jan\u00eb pas hekurave. S\u2019ka legjitimitet maxhoraa p\u00ebr ta zgjedhur e vetme presidentin.\u201d, tha Alibeaj.<\/p>","protected":false},"excerpt":{"rendered":"<p>Kreu i grupit parlamentar t\u00eb PD-s\u00eb, Enkelejd Alibeaj ka folur n\u00eb nj\u00eb prononcim p\u00ebr mediat n\u00eb lidhje me procesin p\u00ebr zgjedhjen e Presidentit t\u00eb ri t\u00eb vendit. \u201cN\u00eb mbledhjen e grupit kemi r\u00ebn\u00eb dakord q\u00eb t\u00eb marrim pjes\u00eb n\u00eb k\u00ebt\u00eb proces, por n\u00eb nj\u00eb proces real, t\u00eb sinqert\u00eb, si\u00e7 e do figura e presidentit. Nj\u00eb [&hellip;]<\/p>\n","protected":false},"author":2030,"featured_media":258039,"comment_status":"closed","ping_status":"closed","sticky":false,"template":"","format":"standard","meta":{"footnotes":""},"categories":[241,3366,5380,231,1454],"tags":[],"class_list":{"0":"post-258037","1":"post","2":"type-post","3":"status-publish","4":"format-standard","5":"has-post-thumbnail","7":"category-aktualitet","8":"category-koment","9":"category-kryesore","10":"category-lajme","11":"category-politike"},"_links":{"self":[{"href":"https:\/\/zjarr.tv\/en\/wp-json\/wp\/v2\/posts\/258037","targetHints":{"allow":["GET"]}}],"collection":[{"href":"https:\/\/zjarr.tv\/en\/wp-json\/wp\/v2\/posts"}],"about":[{"href":"https:\/\/zjarr.tv\/en\/wp-json\/wp\/v2\/types\/post"}],"author":[{"embeddable":true,"href":"https:\/\/zjarr.tv\/en\/wp-json\/wp\/v2\/users\/2030"}],"replies":[{"embeddable":true,"href":"https:\/\/zjarr.tv\/en\/wp-json\/wp\/v2\/comments?post=258037"}],"version-history":[{"count":0,"href":"https:\/\/zjarr.tv\/en\/wp-json\/wp\/v2\/posts\/258037\/revisions"}],"wp:featuredmedia":[{"embeddable":true,"href":"https:\/\/zjarr.tv\/en\/wp-json\/wp\/v2\/media\/258039"}],"wp:attachment":[{"href":"https:\/\/zjarr.tv\/en\/wp-json\/wp\/v2\/media?parent=258037"}],"wp:term":[{"taxonomy":"category","embeddable":true,"href":"https:\/\/zjarr.tv\/en\/wp-json\/wp\/v2\/categories?post=258037"},{"taxonomy":"post_tag","embeddable":true,"href":"https:\/\/zjarr.tv\/en\/wp-json\/wp\/v2\/tags?post=258037"}],"curies":[{"name":"wp","href":"https:\/\/api.w.org\/{rel}","templated":true}]}}