{"id":258562,"date":"2022-05-15T16:09:09","date_gmt":"2022-05-15T14:09:09","guid":{"rendered":"https:\/\/zjarr.tv\/?p=258562"},"modified":"2022-05-15T16:14:42","modified_gmt":"2022-05-15T14:14:42","slug":"skadon-afati-i-dorezimit-te-kandidaturave-per-presidentin-e-republikes-ende-asnje-emer","status":"publish","type":"post","link":"https:\/\/zjarr.tv\/en\/skadon-afati-i-dorezimit-te-kandidaturave-per-presidentin-e-republikes-ende-asnje-emer\/","title":{"rendered":"\u201cSkadon\u201d afati i dor\u00ebzimit t\u00eb kandidaturave p\u00ebr presidentin e Republik\u00ebs, ende asnj\u00eb em\u00ebr"},"content":{"rendered":"<p>Sot n\u00eb or\u00ebn 16:00 ishte afati i fundi p\u00ebr t\u00eb dor\u00ebzuar propozimet zyrtare p\u00ebr kandidat\u00ebt p\u00ebr president t\u00eb republik\u00ebs, teksa ende nuk ka asnj\u00eb em\u00ebr p\u00ebr t\u2019u hedhur n\u00eb votim n\u00eb raundin e par\u00eb q\u00eb do t\u00eb mbahet nes\u00ebr n\u00eb or\u00ebn 17:00.<\/p>\n<p>Nd\u00ebrkoh\u00eb qeveria dhe opozita ende nuk kan\u00eb gjetur konsensus sa i p\u00ebrket kandidaturave. Kujtojm\u00eb q\u00eb brenda opozit\u00ebs, ka grupime t\u00eb ndryshme kudisa prej tyre mendojn\u00eb se e gjitha kjo \u201cskem\u00eb negocimi\u201d ishte nj\u00eb loj\u00eb e mazhoranc\u00ebs p\u00ebr t\u00eb fituar pik\u00eb n\u00eb syt\u00eb e publikut.<\/p>\n<p>Ndarja n\u00eb grupin opozitar \u00ebsht\u00eb e thell\u00eb, ku Enkelejd Alibeaj e sheh veten si kryetar t\u00eb PD dhe p\u00ebrfaq\u00ebsuesin e demokrat\u00ebve n\u00eb bisedime, nd\u00ebrsa Komisioni i Rithemelimit ka caktuar deputet\u00ebt Luciano Bo\u00e7i dhe Oerd Bylykbashi si negociator\u00eb p\u00ebr emrat e kandidat\u00ebve p\u00ebr president.<\/p>\n<p>N\u00eb deklaratat e b\u00ebra, kreu i grupit parlamentar t\u00eb PS ka deklaruar se mazhoranca k\u00ebrkonte q\u00eb t\u00eb kishte konsensus me opozit\u00ebn p\u00ebr figur\u00ebn e kreut t\u00eb shtetit, por shtoi se nuk pranonin emra t\u00eb cilat do t\u00eb vinin si propozim i Berish\u00ebs.<\/p>\n<p>Nga ana tjet\u00ebr, kreu i PR Fatmir Mediu pas takimit me Ball\u00ebn, dit\u00ebn e premte deklaroi se opozita duhet t\u00eb jet\u00eb e unifikuar n\u00eb k\u00ebt\u00eb proces.<\/p>","protected":false},"excerpt":{"rendered":"<p>Sot n\u00eb or\u00ebn 16:00 ishte afati i fundi p\u00ebr t\u00eb dor\u00ebzuar propozimet zyrtare p\u00ebr kandidat\u00ebt p\u00ebr president t\u00eb republik\u00ebs, teksa ende nuk ka asnj\u00eb em\u00ebr p\u00ebr t\u2019u hedhur n\u00eb votim n\u00eb raundin e par\u00eb q\u00eb do t\u00eb mbahet nes\u00ebr n\u00eb or\u00ebn 17:00. Nd\u00ebrkoh\u00eb qeveria dhe opozita ende nuk kan\u00eb gjetur konsensus sa i p\u00ebrket kandidaturave. [&hellip;]<\/p>\n","protected":false},"author":2020,"featured_media":185672,"comment_status":"closed","ping_status":"closed","sticky":false,"template":"","format":"standard","meta":{"footnotes":""},"categories":[241,5380,231],"tags":[],"class_list":{"0":"post-258562","1":"post","2":"type-post","3":"status-publish","4":"format-standard","5":"has-post-thumbnail","7":"category-aktualitet","8":"category-kryesore","9":"category-lajme"},"_links":{"self":[{"href":"https:\/\/zjarr.tv\/en\/wp-json\/wp\/v2\/posts\/258562","targetHints":{"allow":["GET"]}}],"collection":[{"href":"https:\/\/zjarr.tv\/en\/wp-json\/wp\/v2\/posts"}],"about":[{"href":"https:\/\/zjarr.tv\/en\/wp-json\/wp\/v2\/types\/post"}],"author":[{"embeddable":true,"href":"https:\/\/zjarr.tv\/en\/wp-json\/wp\/v2\/users\/2020"}],"replies":[{"embeddable":true,"href":"https:\/\/zjarr.tv\/en\/wp-json\/wp\/v2\/comments?post=258562"}],"version-history":[{"count":0,"href":"https:\/\/zjarr.tv\/en\/wp-json\/wp\/v2\/posts\/258562\/revisions"}],"wp:featuredmedia":[{"embeddable":true,"href":"https:\/\/zjarr.tv\/en\/wp-json\/wp\/v2\/media\/185672"}],"wp:attachment":[{"href":"https:\/\/zjarr.tv\/en\/wp-json\/wp\/v2\/media?parent=258562"}],"wp:term":[{"taxonomy":"category","embeddable":true,"href":"https:\/\/zjarr.tv\/en\/wp-json\/wp\/v2\/categories?post=258562"},{"taxonomy":"post_tag","embeddable":true,"href":"https:\/\/zjarr.tv\/en\/wp-json\/wp\/v2\/tags?post=258562"}],"curies":[{"name":"wp","href":"https:\/\/api.w.org\/{rel}","templated":true}]}}