{"id":258604,"date":"2022-05-15T19:06:23","date_gmt":"2022-05-15T17:06:23","guid":{"rendered":"https:\/\/zjarr.tv\/?p=258604"},"modified":"2022-05-15T19:06:23","modified_gmt":"2022-05-15T17:06:23","slug":"do-ndryshojme-qendrim-ne-raport-me-be-ne-berisha-paralajmeron-kryeministrin-rama-mos-gabo-ta-levizesh-asnje-milimeter","status":"publish","type":"post","link":"https:\/\/zjarr.tv\/en\/do-ndryshojme-qendrim-ne-raport-me-be-ne-berisha-paralajmeron-kryeministrin-rama-mos-gabo-ta-levizesh-asnje-milimeter\/","title":{"rendered":"\u201cDo ndryshojm\u00eb q\u00ebndrim n\u00eb raport me BE-n\u00eb\u201d\/ Berisha paralajm\u00ebron kryeministrin Rama: Mos gabo ta l\u00ebviz\u00ebsh asnj\u00eb milimet\u00ebr"},"content":{"rendered":"<p>Ish-kryeministri Sali Berisha ka paralajm\u00ebruar Edi Ram\u00ebn q\u00eb t\u00eb mos ndryshoj\u00eb q\u00ebndrim n\u00eb procesin e integrimit europian. Duke iu referuar deklaratave t\u00eb Ram\u00ebs se n\u00ebse nuk hapen negociatat me Shqip\u00ebrin\u00eb, ne do mbajm\u00eb q\u00ebndrim, Berisha thot\u00eb se do t\u00eb ishte gabim shum\u00eb i r\u00ebnd\u00eb.<\/p>\n<p>Nga Lezha ku po zhvillon nj\u00eb takim me demokrat\u00ebt, Berisha deklaroi se drejtimi i vet\u00ebm i Shqip\u00ebris\u00eb \u00ebsht\u00eb drejt Bashkimit Europian.<\/p>\n<p>\u201cSi parti demokratike duhet t\u00eb jemi b\u00ebrthama e k\u00ebsaj l\u00ebvizje me t\u00eb cil\u00ebn duhet t\u00eb b\u00ebjm\u00eb gjith\u00e7ka q\u00eb t\u00eb bashkohet vetes shqiptar. Q\u00eb i beson Shqip\u00ebris\u00eb, un\u00eb ju them ju, vend me potencial si ky vend nuk ka. N\u00ebse i vendosim vetes q\u00ebllim t\u00eb nxjerrim shqiptar\u00ebt nga varf\u00ebria. Ne krijuam klim\u00ebn e biznesit, dyfishuar rrogat dhe pensionet. Shqiptar\u00ebt pan\u00eb se k\u00ebtu mund t\u00eb jetohet dhe t\u00eb nd\u00ebrtohej nj\u00eb jet\u00eb n\u00eb p\u00ebrmir\u00ebsim. Nuk u ndal treni yn\u00eb drejt Europ\u00ebs. U an\u00ebtar\u00ebsuam n\u00eb NATO, hoq\u00ebm vizat, mor\u00ebm statusin. Para zgjedhjeve, mos harroni se Edi Rama bllokoi statusin me 3 ligje. Shum\u00eb than\u00eb se nuk e kan\u00eb kund\u00ebr Europ\u00ebs. \u00c7far\u00eb ndodhi k\u00ebto 8 vite, cilat jan\u00eb hapat? Tani del dhe thot\u00eb se po nuk na e dhat\u00eb, do shohim drejtimin. Mos gabo ta l\u00ebviz\u00ebsh qoft\u00eb dhe nj\u00eb milimet\u00ebr, se drejtimi yn\u00eb \u00ebsht\u00eb vet\u00ebm Europa e bashkuar dhe Bashkimi Europian. Paraardh\u00ebsit kan\u00eb luajtur me drejtimin dhe dinjitetin e shqiptar\u00ebve. Shqiptari do jet\u00eb shqiptar\u201d \u2013 tha Berisha.<\/p>","protected":false},"excerpt":{"rendered":"<p>Ish-kryeministri Sali Berisha ka paralajm\u00ebruar Edi Ram\u00ebn q\u00eb t\u00eb mos ndryshoj\u00eb q\u00ebndrim n\u00eb procesin e integrimit europian. Duke iu referuar deklaratave t\u00eb Ram\u00ebs se n\u00ebse nuk hapen negociatat me Shqip\u00ebrin\u00eb, ne do mbajm\u00eb q\u00ebndrim, Berisha thot\u00eb se do t\u00eb ishte gabim shum\u00eb i r\u00ebnd\u00eb. Nga Lezha ku po zhvillon nj\u00eb takim me demokrat\u00ebt, Berisha deklaroi [&hellip;]<\/p>\n","protected":false},"author":2030,"featured_media":258605,"comment_status":"closed","ping_status":"closed","sticky":false,"template":"","format":"standard","meta":{"footnotes":""},"categories":[241,3366,5380,231,1454],"tags":[],"class_list":{"0":"post-258604","1":"post","2":"type-post","3":"status-publish","4":"format-standard","5":"has-post-thumbnail","7":"category-aktualitet","8":"category-koment","9":"category-kryesore","10":"category-lajme","11":"category-politike"},"_links":{"self":[{"href":"https:\/\/zjarr.tv\/en\/wp-json\/wp\/v2\/posts\/258604","targetHints":{"allow":["GET"]}}],"collection":[{"href":"https:\/\/zjarr.tv\/en\/wp-json\/wp\/v2\/posts"}],"about":[{"href":"https:\/\/zjarr.tv\/en\/wp-json\/wp\/v2\/types\/post"}],"author":[{"embeddable":true,"href":"https:\/\/zjarr.tv\/en\/wp-json\/wp\/v2\/users\/2030"}],"replies":[{"embeddable":true,"href":"https:\/\/zjarr.tv\/en\/wp-json\/wp\/v2\/comments?post=258604"}],"version-history":[{"count":0,"href":"https:\/\/zjarr.tv\/en\/wp-json\/wp\/v2\/posts\/258604\/revisions"}],"wp:featuredmedia":[{"embeddable":true,"href":"https:\/\/zjarr.tv\/en\/wp-json\/wp\/v2\/media\/258605"}],"wp:attachment":[{"href":"https:\/\/zjarr.tv\/en\/wp-json\/wp\/v2\/media?parent=258604"}],"wp:term":[{"taxonomy":"category","embeddable":true,"href":"https:\/\/zjarr.tv\/en\/wp-json\/wp\/v2\/categories?post=258604"},{"taxonomy":"post_tag","embeddable":true,"href":"https:\/\/zjarr.tv\/en\/wp-json\/wp\/v2\/tags?post=258604"}],"curies":[{"name":"wp","href":"https:\/\/api.w.org\/{rel}","templated":true}]}}