{"id":258623,"date":"2022-05-16T01:42:31","date_gmt":"2022-05-15T23:42:31","guid":{"rendered":"https:\/\/zjarr.tv\/?p=258623"},"modified":"2022-05-16T01:42:31","modified_gmt":"2022-05-15T23:42:31","slug":"demokrati-nuk-permbahet-perballe-berishes-te-dua-me-shume-se-femijet-e-mi","status":"publish","type":"post","link":"https:\/\/zjarr.tv\/en\/demokrati-nuk-permbahet-perballe-berishes-te-dua-me-shume-se-femijet-e-mi\/","title":{"rendered":"Demokrati nuk p\u00ebrmbahet p\u00ebrball\u00eb Berish\u00ebs: T\u00eb dua m\u00eb shum\u00eb se f\u00ebmij\u00ebt e mi"},"content":{"rendered":"<p>Ish-kryeministri Sali Berisha dit\u00ebn e sotme ka zhvilluar takimin e radh\u00ebs n\u00eb qytetin e Lezh\u00ebs. <\/p>\n<p>Gjat\u00eb takimit, nj\u00eb demokrat nuk kurseu \u201cl\u00ebvdatat\u201d ndaj Berish\u00ebs, madje u shpreh se e do at\u00eb m\u00eb shum\u00eb se sa do f\u00ebmij\u00ebt e tij. <\/p>\n<p>\u201cI nderuar doktor, jam oficer i gard\u00ebs s\u00eb republik\u00ebs, ish i juaji personalisht. Vij nga Fani, jam mb\u00ebshtet\u00ebsi juaji deri n\u00eb vdekje, jo m\u00eb shum\u00eb. T\u00eb p\u00ebrsh\u00ebndes, ju dhe grupin nism\u00ebtar. <\/p>\n<p>Por kam nj\u00eb keqardhje, p\u00ebr ata lepujt, Lul Basha, Gaz Bardhi dhe ato qelb\u00ebsirat q\u00eb ne i ham\u00eb me dh\u00ebmb\u00eb, i shqyejm\u00eb lepujt. Dr. Berisha t\u00eb njoh nga af\u00ebr, t\u00eb kam shoq\u00ebruar ku ke shkel me k\u00ebmb\u00eb, n\u00eb 1997 padiskutim, Sk\u00ebnderbeu i madh je padiskutim. T\u00eb dua fort, fatkeq\u00ebsisht t\u00eb dua m\u00eb shum\u00eb se f\u00ebmij\u00ebt e mi. Zoti a prift\u00eb mbar\u00eb dhe ne na ke me vete\u201d, tha demokrati.<\/p>","protected":false},"excerpt":{"rendered":"<p>Ish-kryeministri Sali Berisha dit\u00ebn e sotme ka zhvilluar takimin e radh\u00ebs n\u00eb qytetin e Lezh\u00ebs. Gjat\u00eb takimit, nj\u00eb demokrat nuk kurseu \u201cl\u00ebvdatat\u201d ndaj Berish\u00ebs, madje u shpreh se e do at\u00eb m\u00eb shum\u00eb se sa do f\u00ebmij\u00ebt e tij. \u201cI nderuar doktor, jam oficer i gard\u00ebs s\u00eb republik\u00ebs, ish i juaji personalisht. Vij nga Fani, [&hellip;]<\/p>\n","protected":false},"author":2031,"featured_media":258626,"comment_status":"closed","ping_status":"closed","sticky":false,"template":"","format":"standard","meta":{"footnotes":""},"categories":[241,231,1,235],"tags":[],"class_list":{"0":"post-258623","1":"post","2":"type-post","3":"status-publish","4":"format-standard","5":"has-post-thumbnail","7":"category-aktualitet","8":"category-lajme","9":"category-uncategorized-sq","10":"category-vendi"},"_links":{"self":[{"href":"https:\/\/zjarr.tv\/en\/wp-json\/wp\/v2\/posts\/258623","targetHints":{"allow":["GET"]}}],"collection":[{"href":"https:\/\/zjarr.tv\/en\/wp-json\/wp\/v2\/posts"}],"about":[{"href":"https:\/\/zjarr.tv\/en\/wp-json\/wp\/v2\/types\/post"}],"author":[{"embeddable":true,"href":"https:\/\/zjarr.tv\/en\/wp-json\/wp\/v2\/users\/2031"}],"replies":[{"embeddable":true,"href":"https:\/\/zjarr.tv\/en\/wp-json\/wp\/v2\/comments?post=258623"}],"version-history":[{"count":0,"href":"https:\/\/zjarr.tv\/en\/wp-json\/wp\/v2\/posts\/258623\/revisions"}],"wp:featuredmedia":[{"embeddable":true,"href":"https:\/\/zjarr.tv\/en\/wp-json\/wp\/v2\/media\/258626"}],"wp:attachment":[{"href":"https:\/\/zjarr.tv\/en\/wp-json\/wp\/v2\/media?parent=258623"}],"wp:term":[{"taxonomy":"category","embeddable":true,"href":"https:\/\/zjarr.tv\/en\/wp-json\/wp\/v2\/categories?post=258623"},{"taxonomy":"post_tag","embeddable":true,"href":"https:\/\/zjarr.tv\/en\/wp-json\/wp\/v2\/tags?post=258623"}],"curies":[{"name":"wp","href":"https:\/\/api.w.org\/{rel}","templated":true}]}}