{"id":259569,"date":"2022-05-19T18:57:36","date_gmt":"2022-05-19T16:57:36","guid":{"rendered":"https:\/\/zjarr.tv\/?p=259569"},"modified":"2022-05-19T18:57:36","modified_gmt":"2022-05-19T16:57:36","slug":"java-amerikane-yuri-kim-ftese-qytetareve-nga-sheshi-skenderbej-jam-ketu-shpresoj","status":"publish","type":"post","link":"https:\/\/zjarr.tv\/en\/java-amerikane-yuri-kim-ftese-qytetareve-nga-sheshi-skenderbej-jam-ketu-shpresoj\/","title":{"rendered":"Java amerikane, Yuri Kim ftes\u00eb qytetar\u00ebve nga Sheshi Sk\u00ebnderbej: Jam k\u00ebtu, shpresoj\u2026"},"content":{"rendered":"<p>Gjat\u00eb k\u00ebsaj jave n\u00eb Tiran\u00eb po zhvillohet Java Amerikane, ku jan\u00eb organizuar aktivitete t\u00eb shumta q\u00eb tregojn\u00eb kultur\u00ebn dhe traditat e SHBA-ve.<\/p>\n<p>Sot n\u00eb Sheshin Sk\u00ebnderbej do t\u00eb performoj\u00eb grupi rrok i Forcave Ajrore t\u00eb Shteteve t\u00eb Bashkuara \u201cTouch n\u2019 Go\u201d.<\/p>\n<p>Ambasadorja Kim ka postuar nj\u00eb video n\u00eb rrjetet sociale, ku fton qytetar\u00ebt q\u00eb t\u00eb marrin pjes\u00eb n\u00eb or\u00ebn 19:00 n\u00eb k\u00ebt\u00eb koncert.<\/p>\n<p>\u201cJam k\u00ebt\u00eb n\u00eb Sheshin Sk\u00ebnderbej po b\u00ebhemi gati p\u00ebr koncertin e madh sonte. Shpresoj q\u00eb tju shoh k\u00ebtu\u201d shprehet ambasadorja.<\/p>","protected":false},"excerpt":{"rendered":"<p>Gjat\u00eb k\u00ebsaj jave n\u00eb Tiran\u00eb po zhvillohet Java Amerikane, ku jan\u00eb organizuar aktivitete t\u00eb shumta q\u00eb tregojn\u00eb kultur\u00ebn dhe traditat e SHBA-ve. Sot n\u00eb Sheshin Sk\u00ebnderbej do t\u00eb performoj\u00eb grupi rrok i Forcave Ajrore t\u00eb Shteteve t\u00eb Bashkuara \u201cTouch n\u2019 Go\u201d. Ambasadorja Kim ka postuar nj\u00eb video n\u00eb rrjetet sociale, ku fton qytetar\u00ebt q\u00eb t\u00eb [&hellip;]<\/p>\n","protected":false},"author":2030,"featured_media":259570,"comment_status":"closed","ping_status":"closed","sticky":false,"template":"","format":"standard","meta":{"footnotes":""},"categories":[241,3366,5380,231],"tags":[],"class_list":{"0":"post-259569","1":"post","2":"type-post","3":"status-publish","4":"format-standard","5":"has-post-thumbnail","7":"category-aktualitet","8":"category-koment","9":"category-kryesore","10":"category-lajme"},"_links":{"self":[{"href":"https:\/\/zjarr.tv\/en\/wp-json\/wp\/v2\/posts\/259569","targetHints":{"allow":["GET"]}}],"collection":[{"href":"https:\/\/zjarr.tv\/en\/wp-json\/wp\/v2\/posts"}],"about":[{"href":"https:\/\/zjarr.tv\/en\/wp-json\/wp\/v2\/types\/post"}],"author":[{"embeddable":true,"href":"https:\/\/zjarr.tv\/en\/wp-json\/wp\/v2\/users\/2030"}],"replies":[{"embeddable":true,"href":"https:\/\/zjarr.tv\/en\/wp-json\/wp\/v2\/comments?post=259569"}],"version-history":[{"count":0,"href":"https:\/\/zjarr.tv\/en\/wp-json\/wp\/v2\/posts\/259569\/revisions"}],"wp:featuredmedia":[{"embeddable":true,"href":"https:\/\/zjarr.tv\/en\/wp-json\/wp\/v2\/media\/259570"}],"wp:attachment":[{"href":"https:\/\/zjarr.tv\/en\/wp-json\/wp\/v2\/media?parent=259569"}],"wp:term":[{"taxonomy":"category","embeddable":true,"href":"https:\/\/zjarr.tv\/en\/wp-json\/wp\/v2\/categories?post=259569"},{"taxonomy":"post_tag","embeddable":true,"href":"https:\/\/zjarr.tv\/en\/wp-json\/wp\/v2\/tags?post=259569"}],"curies":[{"name":"wp","href":"https:\/\/api.w.org\/{rel}","templated":true}]}}