{"id":259577,"date":"2022-05-19T19:30:30","date_gmt":"2022-05-19T17:30:30","guid":{"rendered":"https:\/\/zjarr.tv\/?p=259577"},"modified":"2022-05-19T19:30:30","modified_gmt":"2022-05-19T17:30:30","slug":"zhvillimet-e-bujshme-nga-spak-reagon-per-here-te-pare-sali-berisha-u-dha-lajmi-per-disa-qe","status":"publish","type":"post","link":"https:\/\/zjarr.tv\/en\/zhvillimet-e-bujshme-nga-spak-reagon-per-here-te-pare-sali-berisha-u-dha-lajmi-per-disa-qe\/","title":{"rendered":"Zhvillimet e bujshme nga SPAK, reagon p\u00ebr her\u00eb t\u00eb par\u00eb Sali Berisha: U dha lajmi p\u00ebr disa q\u00eb&#8230;"},"content":{"rendered":"<p>Ish-kryeministri Sali Berisha nga Kor\u00e7a ka komentuar sot urdh\u00ebr-arrestet e l\u00ebshuara sot nga SPAK, n\u00eb kuad\u00ebr t\u00eb nj\u00eb megaoperacioni p\u00ebr goditjen e disa bandave n\u00eb vend, q\u00eb solli arrestimin e 18 personave.<\/p>\n<p>N\u00eb nj\u00eb prononcim p\u00ebr gazetar\u00ebt, Berisha theksoi se nga aksioni, vet\u00ebm nj\u00eb u arrestua nga 8 bos\u00ebt e shpallur n\u00eb k\u00ebrkim, nd\u00ebrsa shtoi se t\u00eb tjer\u00ebve iu dha mesazhi q\u00eb t\u00eb iknin.<\/p>\n<p>\u201cArrestime n\u00eb er\u00eb, dmth nga 8 bos\u00eb t\u00eb shpallur, vet\u00ebm nj\u00ebri \u00ebsht\u00eb n\u00eb arrest. T\u00eb tjer\u00ebt mor\u00ebn lajmin, ikni sa m\u00eb shpejt.\u201d, tha Berisha<\/p>","protected":false},"excerpt":{"rendered":"<p>Ish-kryeministri Sali Berisha nga Kor\u00e7a ka komentuar sot urdh\u00ebr-arrestet e l\u00ebshuara sot nga SPAK, n\u00eb kuad\u00ebr t\u00eb nj\u00eb megaoperacioni p\u00ebr goditjen e disa bandave n\u00eb vend, q\u00eb solli arrestimin e 18 personave. N\u00eb nj\u00eb prononcim p\u00ebr gazetar\u00ebt, Berisha theksoi se nga aksioni, vet\u00ebm nj\u00eb u arrestua nga 8 bos\u00ebt e shpallur n\u00eb k\u00ebrkim, nd\u00ebrsa shtoi [&hellip;]<\/p>\n","protected":false},"author":2030,"featured_media":259578,"comment_status":"closed","ping_status":"closed","sticky":false,"template":"","format":"standard","meta":{"footnotes":""},"categories":[241,3366,5380,231,1454],"tags":[],"class_list":{"0":"post-259577","1":"post","2":"type-post","3":"status-publish","4":"format-standard","5":"has-post-thumbnail","7":"category-aktualitet","8":"category-koment","9":"category-kryesore","10":"category-lajme","11":"category-politike"},"_links":{"self":[{"href":"https:\/\/zjarr.tv\/en\/wp-json\/wp\/v2\/posts\/259577","targetHints":{"allow":["GET"]}}],"collection":[{"href":"https:\/\/zjarr.tv\/en\/wp-json\/wp\/v2\/posts"}],"about":[{"href":"https:\/\/zjarr.tv\/en\/wp-json\/wp\/v2\/types\/post"}],"author":[{"embeddable":true,"href":"https:\/\/zjarr.tv\/en\/wp-json\/wp\/v2\/users\/2030"}],"replies":[{"embeddable":true,"href":"https:\/\/zjarr.tv\/en\/wp-json\/wp\/v2\/comments?post=259577"}],"version-history":[{"count":0,"href":"https:\/\/zjarr.tv\/en\/wp-json\/wp\/v2\/posts\/259577\/revisions"}],"wp:featuredmedia":[{"embeddable":true,"href":"https:\/\/zjarr.tv\/en\/wp-json\/wp\/v2\/media\/259578"}],"wp:attachment":[{"href":"https:\/\/zjarr.tv\/en\/wp-json\/wp\/v2\/media?parent=259577"}],"wp:term":[{"taxonomy":"category","embeddable":true,"href":"https:\/\/zjarr.tv\/en\/wp-json\/wp\/v2\/categories?post=259577"},{"taxonomy":"post_tag","embeddable":true,"href":"https:\/\/zjarr.tv\/en\/wp-json\/wp\/v2\/tags?post=259577"}],"curies":[{"name":"wp","href":"https:\/\/api.w.org\/{rel}","templated":true}]}}