{"id":259581,"date":"2022-05-19T19:33:03","date_gmt":"2022-05-19T17:33:03","guid":{"rendered":"https:\/\/zjarr.tv\/?p=259581"},"modified":"2022-05-19T19:33:03","modified_gmt":"2022-05-19T17:33:03","slug":"me-rithemelimin-apo-me-alibeajn-agron-gjekmarkaj-ndan-mendjen-me-ndihmo-te-kuptoj","status":"publish","type":"post","link":"https:\/\/zjarr.tv\/en\/me-rithemelimin-apo-me-alibeajn-agron-gjekmarkaj-ndan-mendjen-me-ndihmo-te-kuptoj\/","title":{"rendered":"Me \u201cRithemelimin\u201d apo me Alibeajn? Agron Gjekmarkaj ndan mendjen: M\u00eb ndihmo t\u00eb kuptoj&#8230;"},"content":{"rendered":"<p>Deputeti i PD, Agron Gjekmarkaj, ka reaguar lidhur me grupimet e krijuara n\u00eb PD dhe klasifikimin e emrit t\u00eb tij n\u00eb ndarje t\u00eb ndryshme.<\/p>\n<p>Gjekmarkaj ka sqaruar se nuk b\u00ebn pjes\u00eb n\u00eb asnj\u00ebrin prej grupeve t\u00eb krijuara dhe se madje as n\u00eb at\u00eb t\u00eb deputet\u00ebve q\u00eb nuk shkonin n\u00eb asnj\u00ebr\u00ebn prej mbledhjeve p\u00ebr t\u00eb mos krijuar p\u00ebr\u00e7arje t\u00eb m\u00ebtejshme.<\/p>\n<p>Postimi i plot\u00eb:<\/p>\n<p>Nj\u00eb sqarim p\u00ebr grupet n\u00eb PD dhe marr\u00ebdh\u00ebnien time me to !<\/p>\n<p>Her\u00eb pas here e gjej veten n\u00eb lajme, komente, analiza e muhabete pjestar i nj\u00eb prej tre grupeve n\u00eb PD. Un\u00eb jam vetem n\u00eb PD. Paradoksi \u00ebsht\u00eb se dy grupet e tjera i kuptoj por k\u00ebt\u00eb \u201cgrupin\u201d tim as e kam par\u00eb ndonj\u00ebher\u00eb e as takuar!<\/p>\n<p>Grupi i par\u00eb \u00ebsht\u00eb ai i \u201crevolucionit q\u00eb marshon\u201d trokun zhurm\u00ebmadh t\u00eb t\u00eb cilit drejt pushtetit e ndien \u00e7do shqiptar, madje po ju fut dridhmen edhe nj\u00eb palo superfuqie matan\u00eb atlantikut! Grupi i dyt\u00eb \u00ebsht\u00eb ai \u201czot b\u00ebje mir\u00eb\u201d ninullat e t\u00eb cilit i ndien \u00e7do vater po kaq. Nd\u00ebrsa tek grupi i tret\u00eb fusin tepricat e atyre q\u00eb nuk shkojn\u00eb as tek mbledhjet e nj\u00ebrit as tek mbledhjet e tjetrit. P\u00ebrfitojn\u00eb nga ky fllad pranveror, nga cic\u00ebrimat e zogjve dhe mendojn\u00eb nd\u00ebr hije si e mori dreqi k\u00ebt\u00eb pun\u00eb?! Jangellesh, jangellesh.<\/p>\n<p>Un\u00eb dua t\u00eb sqaroj me p\u00ebrunj\u00ebsi q\u00eb nuk b\u00ebj tash p\u00ebr tash pjes\u00eb as n\u00eb grupin e tret\u00eb i cili si ideologji p\u00ebrbashkuese ka mos marrjen pjes\u00eb n\u00eb mbledhjet e dy t\u00eb par\u00ebve!<\/p>\n<p>M\u00eb ndihmoni t\u00eb kuptoj si mund t\u00eb quhet grup nj\u00eb mas\u00eb njer\u00ebzish n\u00eb pun\u00eb t\u00eb vet q\u00eb s\u2019kan\u00eb b\u00ebr\u00eb kurr\u00eb nj\u00eb pun\u00eb t\u00eb p\u00ebrbashk\u00ebt, madje asnj\u00eb mbledhje \u201cgrupi\u201d q\u00eb n\u00eb vetvete do ishte vet\u00eb puna?!!<\/p>","protected":false},"excerpt":{"rendered":"<p>Deputeti i PD, Agron Gjekmarkaj, ka reaguar lidhur me grupimet e krijuara n\u00eb PD dhe klasifikimin e emrit t\u00eb tij n\u00eb ndarje t\u00eb ndryshme. Gjekmarkaj ka sqaruar se nuk b\u00ebn pjes\u00eb n\u00eb asnj\u00ebrin prej grupeve t\u00eb krijuara dhe se madje as n\u00eb at\u00eb t\u00eb deputet\u00ebve q\u00eb nuk shkonin n\u00eb asnj\u00ebr\u00ebn prej mbledhjeve p\u00ebr t\u00eb mos [&hellip;]<\/p>\n","protected":false},"author":2030,"featured_media":259582,"comment_status":"closed","ping_status":"closed","sticky":false,"template":"","format":"standard","meta":{"footnotes":""},"categories":[241,3366,5380,231,1454],"tags":[],"class_list":{"0":"post-259581","1":"post","2":"type-post","3":"status-publish","4":"format-standard","5":"has-post-thumbnail","7":"category-aktualitet","8":"category-koment","9":"category-kryesore","10":"category-lajme","11":"category-politike"},"_links":{"self":[{"href":"https:\/\/zjarr.tv\/en\/wp-json\/wp\/v2\/posts\/259581","targetHints":{"allow":["GET"]}}],"collection":[{"href":"https:\/\/zjarr.tv\/en\/wp-json\/wp\/v2\/posts"}],"about":[{"href":"https:\/\/zjarr.tv\/en\/wp-json\/wp\/v2\/types\/post"}],"author":[{"embeddable":true,"href":"https:\/\/zjarr.tv\/en\/wp-json\/wp\/v2\/users\/2030"}],"replies":[{"embeddable":true,"href":"https:\/\/zjarr.tv\/en\/wp-json\/wp\/v2\/comments?post=259581"}],"version-history":[{"count":0,"href":"https:\/\/zjarr.tv\/en\/wp-json\/wp\/v2\/posts\/259581\/revisions"}],"wp:featuredmedia":[{"embeddable":true,"href":"https:\/\/zjarr.tv\/en\/wp-json\/wp\/v2\/media\/259582"}],"wp:attachment":[{"href":"https:\/\/zjarr.tv\/en\/wp-json\/wp\/v2\/media?parent=259581"}],"wp:term":[{"taxonomy":"category","embeddable":true,"href":"https:\/\/zjarr.tv\/en\/wp-json\/wp\/v2\/categories?post=259581"},{"taxonomy":"post_tag","embeddable":true,"href":"https:\/\/zjarr.tv\/en\/wp-json\/wp\/v2\/tags?post=259581"}],"curies":[{"name":"wp","href":"https:\/\/api.w.org\/{rel}","templated":true}]}}