{"id":259604,"date":"2022-05-20T01:11:21","date_gmt":"2022-05-19T23:11:21","guid":{"rendered":"https:\/\/zjarr.tv\/?p=259604"},"modified":"2022-05-20T01:11:21","modified_gmt":"2022-05-19T23:11:21","slug":"presidenti-nga-lista-e-opozites-reagon-taulant-balla-ne-dy-raunde-propozon-opozita-paloka-dy-opsionet-e-lojes-se-rames","status":"publish","type":"post","link":"https:\/\/zjarr.tv\/en\/presidenti-nga-lista-e-opozites-reagon-taulant-balla-ne-dy-raunde-propozon-opozita-paloka-dy-opsionet-e-lojes-se-rames\/","title":{"rendered":"Presidenti nga lista e opozit\u00ebs? Reagon Taulant Balla: N\u00eb dy raunde propozon opozita! Paloka: Dy opsionet e \u201cloj\u00ebs\u201d s\u00eb Ram\u00ebs"},"content":{"rendered":"<p>Kryetari i grupit parlamentar t\u00eb PS-s\u00eb Taulant Balla ka reaguar pas deklarat\u00ebs s\u00eb deputetit demokrat Dashnor Sula, i cili tha se kandidatura e presidentit do t\u00eb dal\u00eb nga lista e opozit\u00ebs. <\/p>\n<p>Por Balla u shpreh n\u00eb emisionin \u201cOpinion\u201d se q\u00ebndrimi \u00ebsht\u00eb i nj\u00ebjt\u00eb, si\u00e7 \u00ebsht\u00eb r\u00ebn\u00eb dakord m\u00eb par\u00eb me opozit\u00ebn, n\u00eb raundin e dyt\u00eb dhe t\u00eb tret\u00eb do t\u00eb propozohen kandidat\u00ebt e opozit\u00ebs, dhe n\u00ebse d\u00ebshton zgjedhja, n\u00eb raundin e kat\u00ebrt do t\u00eb propozoj\u00eb Partia Socialiste. <\/p>\n<p>Megjithat\u00eb p\u00ebr deputetin Edi Paloka, t\u00eb dyja rrug\u00ebt jan\u00eb loj\u00eb e kryeministrit Edi Rama, i cili s\u2019ka nd\u00ebrmend t\u2019ia ler\u00eb presidentin opozit\u00ebs, por k\u00ebrkon ta legjitimoj\u00eb procesin p\u00ebr zgjedhjen si me konsensus. <\/p>\n<p>Pjes\u00eb nga debati: <\/p>\n<p>Reagimi i Taulant Ball\u00ebs:\u00a0Dje kemi r\u00ebn\u00eb dakord q\u00eb n\u00eb raundin e dyt\u00eb dhe t\u00eb tret\u00eb, nuk do t\u00eb propozojm\u00eb kandidat\u00eb, dhe i takon opozit\u00ebs q\u00eb t\u00eb propozoj\u00eb. Propozimi p\u00ebr president duhet t\u00eb vij\u00eb me firma mb\u00ebshtet\u00ebse nga opozita. N\u00ebse presidenti nuk zgjidhet n\u00eb k\u00ebto dy raunde, n\u00eb raundin e kat\u00ebrt do t\u00eb propozojm\u00eb ne. <\/p>\n<p>Blendi Fevziu:\u00a0Kjo q\u00eb n\u00ebnkupton Balla \u00ebsht\u00eb q\u00eb PS nuk do t\u00eb firmos\u00eb nj\u00eb kandidat tuajin. <\/p>\n<p>Dashnor Sula: \u00ebsht\u00eb e qart\u00eb deklarata e Ball\u00ebs, do t\u00eb thot\u00eb q\u00eb n\u00eb raundin e dyt\u00eb dhe t\u00eb tret\u00eb do t\u00eb kemi kandidat\u00eb t\u00eb opozit\u00ebs q\u00eb do t\u00eb hyj\u00eb p\u00ebr votim. Mund t\u00eb jet\u00eb gj\u00ebja m\u00eb e vog\u00ebl e 20 firmave. Problemi m\u00eb i madh \u00ebsht\u00eb votimi i fsheht\u00eb. Mund t\u00eb jet\u00eb opsion shum\u00eb serioz p\u00ebr t\u00eb realizuar k\u00ebt\u00eb q\u00eb thash\u00eb m\u00eb par\u00eb. <\/p>\n<p>Edi Paloka:\u00a0Dy jan\u00eb opsionet, n\u00ebse ka njeri naiv q\u00eb beson se Rama do i ler\u00eb presidentin opozit\u00ebs\u2026Mes emrave q\u00eb do t\u00eb shkoj\u00eb si gjoja presidenti i opozit\u00ebs, do t\u00eb jet\u00eb emri q\u00eb do ket\u00eb r\u00ebn\u00eb dakord. Kandidati i Ram\u00ebs do dal\u00eb nga lista gjoja e propozuar nga opozita dhe k\u00ebtu do t\u00eb kemi nj\u00eb president konsensual. <\/p>\n<p>Opsioni i dyt\u00eb \u00ebsht\u00eb kjo q\u00eb opozita do t\u00eb propozoj\u00eb gjoja tet\u00eb emra, dhe do t\u00eb bien posht\u00eb, q\u00eb do t\u00eb thot\u00eb se opozita gjoja u b\u00eb pjes\u00eb e procesit dhe nuk ram\u00eb dakord dhe u detyruam t\u00eb zgjedhim vet\u00eb.<\/p>","protected":false},"excerpt":{"rendered":"<p>Kryetari i grupit parlamentar t\u00eb PS-s\u00eb Taulant Balla ka reaguar pas deklarat\u00ebs s\u00eb deputetit demokrat Dashnor Sula, i cili tha se kandidatura e presidentit do t\u00eb dal\u00eb nga lista e opozit\u00ebs. Por Balla u shpreh n\u00eb emisionin \u201cOpinion\u201d se q\u00ebndrimi \u00ebsht\u00eb i nj\u00ebjt\u00eb, si\u00e7 \u00ebsht\u00eb r\u00ebn\u00eb dakord m\u00eb par\u00eb me opozit\u00ebn, n\u00eb raundin e dyt\u00eb [&hellip;]<\/p>\n","protected":false},"author":2031,"featured_media":181099,"comment_status":"closed","ping_status":"closed","sticky":false,"template":"","format":"standard","meta":{"footnotes":""},"categories":[241,231,235],"tags":[],"class_list":{"0":"post-259604","1":"post","2":"type-post","3":"status-publish","4":"format-standard","5":"has-post-thumbnail","7":"category-aktualitet","8":"category-lajme","9":"category-vendi"},"_links":{"self":[{"href":"https:\/\/zjarr.tv\/en\/wp-json\/wp\/v2\/posts\/259604","targetHints":{"allow":["GET"]}}],"collection":[{"href":"https:\/\/zjarr.tv\/en\/wp-json\/wp\/v2\/posts"}],"about":[{"href":"https:\/\/zjarr.tv\/en\/wp-json\/wp\/v2\/types\/post"}],"author":[{"embeddable":true,"href":"https:\/\/zjarr.tv\/en\/wp-json\/wp\/v2\/users\/2031"}],"replies":[{"embeddable":true,"href":"https:\/\/zjarr.tv\/en\/wp-json\/wp\/v2\/comments?post=259604"}],"version-history":[{"count":0,"href":"https:\/\/zjarr.tv\/en\/wp-json\/wp\/v2\/posts\/259604\/revisions"}],"wp:featuredmedia":[{"embeddable":true,"href":"https:\/\/zjarr.tv\/en\/wp-json\/wp\/v2\/media\/181099"}],"wp:attachment":[{"href":"https:\/\/zjarr.tv\/en\/wp-json\/wp\/v2\/media?parent=259604"}],"wp:term":[{"taxonomy":"category","embeddable":true,"href":"https:\/\/zjarr.tv\/en\/wp-json\/wp\/v2\/categories?post=259604"},{"taxonomy":"post_tag","embeddable":true,"href":"https:\/\/zjarr.tv\/en\/wp-json\/wp\/v2\/tags?post=259604"}],"curies":[{"name":"wp","href":"https:\/\/api.w.org\/{rel}","templated":true}]}}