{"id":259975,"date":"2022-05-22T09:30:44","date_gmt":"2022-05-22T07:30:44","guid":{"rendered":"https:\/\/zjarr.tv\/?p=259975"},"modified":"2022-05-22T09:30:44","modified_gmt":"2022-05-22T07:30:44","slug":"rama-pret-te-henen-ne-tirane-ministrin-e-jashtem-te-greqise","status":"publish","type":"post","link":"https:\/\/zjarr.tv\/en\/rama-pret-te-henen-ne-tirane-ministrin-e-jashtem-te-greqise\/","title":{"rendered":"Rama pret t\u00eb h\u00ebn\u00ebn n\u00eb Tiran\u00eb ministrin e Jasht\u00ebm t\u00eb Greqis\u00eb"},"content":{"rendered":"<p>Ministri i Jasht\u00ebm i Greqis\u00eb, Nikos Dendias, do t\u00eb vizitoj\u00eb Shqip\u00ebrin\u00eb dit\u00ebn e h\u00ebn\u00eb, n\u00eb kuad\u00ebr t\u00eb jav\u00ebs kulturore greke.<\/p>\n<p>Ai pritet t\u00eb takoj\u00eb kryeministrin Edi Rama, kryepeshkopin Anastas dhe ministren e Jashtme, Olta Xha\u00e7ka. Mes t\u00eb tjerave, pritet q\u00eb t\u00eb diskutohet edhe p\u00ebr pensionet e shqiptar\u00ebve n\u00eb Greqi.<\/p>\n<p>P\u00ebrpara vizit\u00ebs n\u00eb Tiran\u00eb, Dendias \u00ebsht\u00eb takuar me ambasadoren shqiptare n\u00eb Athin\u00eb, Luela Hajdarag\u00ebn.<\/p>","protected":false},"excerpt":{"rendered":"<p>Ministri i Jasht\u00ebm i Greqis\u00eb, Nikos Dendias, do t\u00eb vizitoj\u00eb Shqip\u00ebrin\u00eb dit\u00ebn e h\u00ebn\u00eb, n\u00eb kuad\u00ebr t\u00eb jav\u00ebs kulturore greke. Ai pritet t\u00eb takoj\u00eb kryeministrin Edi Rama, kryepeshkopin Anastas dhe ministren e Jashtme, Olta Xha\u00e7ka. Mes t\u00eb tjerave, pritet q\u00eb t\u00eb diskutohet edhe p\u00ebr pensionet e shqiptar\u00ebve n\u00eb Greqi. P\u00ebrpara vizit\u00ebs n\u00eb Tiran\u00eb, Dendias \u00ebsht\u00eb [&hellip;]<\/p>\n","protected":false},"author":2031,"featured_media":259976,"comment_status":"closed","ping_status":"closed","sticky":false,"template":"","format":"standard","meta":{"footnotes":""},"categories":[241,231,235],"tags":[],"class_list":{"0":"post-259975","1":"post","2":"type-post","3":"status-publish","4":"format-standard","5":"has-post-thumbnail","7":"category-aktualitet","8":"category-lajme","9":"category-vendi"},"_links":{"self":[{"href":"https:\/\/zjarr.tv\/en\/wp-json\/wp\/v2\/posts\/259975","targetHints":{"allow":["GET"]}}],"collection":[{"href":"https:\/\/zjarr.tv\/en\/wp-json\/wp\/v2\/posts"}],"about":[{"href":"https:\/\/zjarr.tv\/en\/wp-json\/wp\/v2\/types\/post"}],"author":[{"embeddable":true,"href":"https:\/\/zjarr.tv\/en\/wp-json\/wp\/v2\/users\/2031"}],"replies":[{"embeddable":true,"href":"https:\/\/zjarr.tv\/en\/wp-json\/wp\/v2\/comments?post=259975"}],"version-history":[{"count":0,"href":"https:\/\/zjarr.tv\/en\/wp-json\/wp\/v2\/posts\/259975\/revisions"}],"wp:featuredmedia":[{"embeddable":true,"href":"https:\/\/zjarr.tv\/en\/wp-json\/wp\/v2\/media\/259976"}],"wp:attachment":[{"href":"https:\/\/zjarr.tv\/en\/wp-json\/wp\/v2\/media?parent=259975"}],"wp:term":[{"taxonomy":"category","embeddable":true,"href":"https:\/\/zjarr.tv\/en\/wp-json\/wp\/v2\/categories?post=259975"},{"taxonomy":"post_tag","embeddable":true,"href":"https:\/\/zjarr.tv\/en\/wp-json\/wp\/v2\/tags?post=259975"}],"curies":[{"name":"wp","href":"https:\/\/api.w.org\/{rel}","templated":true}]}}