{"id":259979,"date":"2022-05-22T09:36:24","date_gmt":"2022-05-22T07:36:24","guid":{"rendered":"https:\/\/zjarr.tv\/?p=259979"},"modified":"2022-05-22T09:36:24","modified_gmt":"2022-05-22T07:36:24","slug":"shko-more-ulsi-manja-perplaset-me-komentuesin-ti-me-ngjan-me-sojin-e-shqiptareve-gjakperzier-me","status":"publish","type":"post","link":"https:\/\/zjarr.tv\/en\/shko-more-ulsi-manja-perplaset-me-komentuesin-ti-me-ngjan-me-sojin-e-shqiptareve-gjakperzier-me\/","title":{"rendered":"\u201cShko more\u2026\u201d Ulsi Manja \u201cp\u00ebrplaset\u201d me komentuesin: Ti m\u00eb ngjan me sojin e shqiptar\u00ebve gjakp\u00ebrzier me\u2026"},"content":{"rendered":"<p>Ministri i Drejt\u00ebsis\u00eb, Ulsi Manja \u00ebsht\u00eb p\u00ebrplasur me nj\u00eb komentues n\u00eb rrjetet sociale, si radh\u00eb her\u00eb m\u00eb par\u00eb.<\/p>\n<p>N\u00eb nj\u00eb nj\u00eb postim t\u00eb ministrit ku flet nga Re\u00e7i p\u00ebr diskriminimin dhe legalizimin e kanabisit, nj\u00eb qytetar nga Maqedonia e Veriut i ka komentuar \u201cHup more b\u00ebrllok\u201d (shko more plehr\u00eb).<\/p>\n<p>E n\u00eb nj\u00eb koment t\u00eb till\u00eb Manja nuk mund t\u00eb rrinte pa i kthyer p\u00ebrgjigje komentuesit, teksa i ka shkuar se i duket nga ata shqiptar\u00ebt gjakp\u00ebrzier q\u00eb nuk i kan\u00eb dashur kurr\u00eb shqiptar\u00ebt t\u00eb gjith\u00eb bashk\u00eb.<\/p>\n<p>\u201cShumadin Idrizi si dit\u00eb pushimi po t\u00eb p\u00ebrgjigjem se nuk m\u00eb ndodh shpesh t\u00eb komentohem n\u00eb fb me shqiptar\u00eb q\u00eb jetojn\u00eb jasht\u00eb trojeve am\u00eb p\u00ebr arsye t\u00ebr\u00ebsisht patriotike p\u00ebrtej tifozeris\u00eb politike. Por nga profili dhe ajo q\u00eb ke kometuar n\u00eb faqen time ti m\u00eb ngjan me sojin e shqiptar\u00ebve gjakp\u00ebrzier me ato q\u00eb si kan\u00eb dasht kurr\u00eb shqiptar\u00ebt bashk\u00eb ndaj dhe meriton nj\u00eb p\u00ebrgjigje. Shumadin zeza apo shumatore b\u00ebrlloku, ndaje vet\u00eb se \u00e7far\u00eb je , as t\u00eb njoh e as m\u00eb njeh, por e para kur mer guximin me hy te faqja ime m\u00ebso si shkruhet shqip se na fyen dhe gjuh\u00ebn e bukur shqipe duke e p\u00ebzier me gjuh\u00eb t\u00eb tjera; dhe e dyta mos ma njollos faqen time t\u00eb fb se e kam p\u00ebr t\u00eb biseduar me njer\u00ebz e jo me shumatore b\u00ebrlloku si puna jote, e kam p\u00ebr t\u00eb biseduar me miq e me shok\u00eb. Hajde Shumadin shih pun\u00ebt e tua e qofsh mir\u00eb me sh\u00ebndet\u201d i shkruan Manja n\u00eb postimin e tij.<\/p>","protected":false},"excerpt":{"rendered":"<p>Ministri i Drejt\u00ebsis\u00eb, Ulsi Manja \u00ebsht\u00eb p\u00ebrplasur me nj\u00eb komentues n\u00eb rrjetet sociale, si radh\u00eb her\u00eb m\u00eb par\u00eb. N\u00eb nj\u00eb nj\u00eb postim t\u00eb ministrit ku flet nga Re\u00e7i p\u00ebr diskriminimin dhe legalizimin e kanabisit, nj\u00eb qytetar nga Maqedonia e Veriut i ka komentuar \u201cHup more b\u00ebrllok\u201d (shko more plehr\u00eb). E n\u00eb nj\u00eb koment t\u00eb till\u00eb [&hellip;]<\/p>\n","protected":false},"author":2031,"featured_media":259983,"comment_status":"closed","ping_status":"closed","sticky":false,"template":"","format":"standard","meta":{"footnotes":""},"categories":[241,231,235],"tags":[],"class_list":{"0":"post-259979","1":"post","2":"type-post","3":"status-publish","4":"format-standard","5":"has-post-thumbnail","7":"category-aktualitet","8":"category-lajme","9":"category-vendi"},"_links":{"self":[{"href":"https:\/\/zjarr.tv\/en\/wp-json\/wp\/v2\/posts\/259979","targetHints":{"allow":["GET"]}}],"collection":[{"href":"https:\/\/zjarr.tv\/en\/wp-json\/wp\/v2\/posts"}],"about":[{"href":"https:\/\/zjarr.tv\/en\/wp-json\/wp\/v2\/types\/post"}],"author":[{"embeddable":true,"href":"https:\/\/zjarr.tv\/en\/wp-json\/wp\/v2\/users\/2031"}],"replies":[{"embeddable":true,"href":"https:\/\/zjarr.tv\/en\/wp-json\/wp\/v2\/comments?post=259979"}],"version-history":[{"count":0,"href":"https:\/\/zjarr.tv\/en\/wp-json\/wp\/v2\/posts\/259979\/revisions"}],"wp:featuredmedia":[{"embeddable":true,"href":"https:\/\/zjarr.tv\/en\/wp-json\/wp\/v2\/media\/259983"}],"wp:attachment":[{"href":"https:\/\/zjarr.tv\/en\/wp-json\/wp\/v2\/media?parent=259979"}],"wp:term":[{"taxonomy":"category","embeddable":true,"href":"https:\/\/zjarr.tv\/en\/wp-json\/wp\/v2\/categories?post=259979"},{"taxonomy":"post_tag","embeddable":true,"href":"https:\/\/zjarr.tv\/en\/wp-json\/wp\/v2\/tags?post=259979"}],"curies":[{"name":"wp","href":"https:\/\/api.w.org\/{rel}","templated":true}]}}