{"id":259986,"date":"2022-05-22T11:58:52","date_gmt":"2022-05-22T09:58:52","guid":{"rendered":"https:\/\/zjarr.tv\/?p=259986"},"modified":"2022-05-22T11:58:52","modified_gmt":"2022-05-22T09:58:52","slug":"ping-pong-per-zgjedhjen-e-presidentit-agalliu-akuzon-ballen-kur-pa-kandidatet-tane-serioze-u-terhoq-nga-marreveshja","status":"publish","type":"post","link":"https:\/\/zjarr.tv\/en\/ping-pong-per-zgjedhjen-e-presidentit-agalliu-akuzon-ballen-kur-pa-kandidatet-tane-serioze-u-terhoq-nga-marreveshja\/","title":{"rendered":"\u2018Ping-pong\u2019 p\u00ebr zgjedhjen e presidentit, Agalliu akuzon Ball\u00ebn: Kur pa kandidat\u00ebt tan\u00eb serioz\u00eb u t\u00ebrhoq nga marr\u00ebveshja"},"content":{"rendered":"<p>Vijon ping-pongu mes forcave politike p\u00ebr zgjedhjen e presidentit t\u00eb ri t\u00eb vendit, p\u00ebr t\u00eb cilin pati nj\u00eb marr\u00ebveshje se n\u00eb raundin e dyt\u00eb dhe t\u00eb tret\u00eb do t\u00eb propozohej nga opozita.<\/p>\n<p>Sipas Arbi Agalliut nga PD, p\u00ebrfaq\u00ebsuesi i PS-s\u00eb Taulant Balla u t\u00ebrhoq nga marr\u00ebveshja e dakord\u00ebsuar para kamerave, kur pa se kandidaturat e propozuara prej tyre ishin me integritet dhe serioze.<\/p>\n<p>Postimi i Agalliut:<\/p>\n<p>\u201cPacta sunt servanda\u201d. \u00cbsht\u00eb ky minimumi i seriozitetit q\u00eb procesi i zgjedhjes s\u00eb Presidentit meriton t\u00eb ket\u00eb.<\/p>\n<p>Taulant Balla u t\u00ebrhoq nga dokumenti i PD, me t\u00eb cilin ai vet\u00eb ra dakord para syve t\u00eb kamerave dhe shqiptar\u00ebve. Mesa duket, pasi m\u00ebsuan kandidat\u00ebt e propozuar nga deputet\u00ebt e PD, njer\u00ebz serioz\u00eb e me integritet, q\u00eb nderojn\u00eb Shqip\u00ebrin\u00eb, u terhoq pa shpjegim dhe b\u00ebn sikur nuk kupton.<\/p>\n<p>PD \u00ebsht\u00eb p\u00ebr nj\u00eb President p\u00ebr t\u00eb gjith\u00eb shqiptar\u00ebt dhe q\u00eb nderon Shqip\u00ebrin\u00eb. PS k\u00ebrkon President vet\u00ebm p\u00ebr socialist\u00ebt p\u00ebr ta patur n\u00eb xhep Rama. K\u00ebt\u00eb t\u00eb dyt\u00ebn mund ta b\u00ebj\u00eb, me mandatet e vjedhura dhe deputet\u00ebt non grata, por jo me PD.<\/p>","protected":false},"excerpt":{"rendered":"<p>Vijon ping-pongu mes forcave politike p\u00ebr zgjedhjen e presidentit t\u00eb ri t\u00eb vendit, p\u00ebr t\u00eb cilin pati nj\u00eb marr\u00ebveshje se n\u00eb raundin e dyt\u00eb dhe t\u00eb tret\u00eb do t\u00eb propozohej nga opozita. Sipas Arbi Agalliut nga PD, p\u00ebrfaq\u00ebsuesi i PS-s\u00eb Taulant Balla u t\u00ebrhoq nga marr\u00ebveshja e dakord\u00ebsuar para kamerave, kur pa se kandidaturat e [&hellip;]<\/p>\n","protected":false},"author":2020,"featured_media":259987,"comment_status":"closed","ping_status":"closed","sticky":false,"template":"","format":"standard","meta":{"footnotes":""},"categories":[241,5380,231],"tags":[],"class_list":{"0":"post-259986","1":"post","2":"type-post","3":"status-publish","4":"format-standard","5":"has-post-thumbnail","7":"category-aktualitet","8":"category-kryesore","9":"category-lajme"},"_links":{"self":[{"href":"https:\/\/zjarr.tv\/en\/wp-json\/wp\/v2\/posts\/259986","targetHints":{"allow":["GET"]}}],"collection":[{"href":"https:\/\/zjarr.tv\/en\/wp-json\/wp\/v2\/posts"}],"about":[{"href":"https:\/\/zjarr.tv\/en\/wp-json\/wp\/v2\/types\/post"}],"author":[{"embeddable":true,"href":"https:\/\/zjarr.tv\/en\/wp-json\/wp\/v2\/users\/2020"}],"replies":[{"embeddable":true,"href":"https:\/\/zjarr.tv\/en\/wp-json\/wp\/v2\/comments?post=259986"}],"version-history":[{"count":0,"href":"https:\/\/zjarr.tv\/en\/wp-json\/wp\/v2\/posts\/259986\/revisions"}],"wp:featuredmedia":[{"embeddable":true,"href":"https:\/\/zjarr.tv\/en\/wp-json\/wp\/v2\/media\/259987"}],"wp:attachment":[{"href":"https:\/\/zjarr.tv\/en\/wp-json\/wp\/v2\/media?parent=259986"}],"wp:term":[{"taxonomy":"category","embeddable":true,"href":"https:\/\/zjarr.tv\/en\/wp-json\/wp\/v2\/categories?post=259986"},{"taxonomy":"post_tag","embeddable":true,"href":"https:\/\/zjarr.tv\/en\/wp-json\/wp\/v2\/tags?post=259986"}],"curies":[{"name":"wp","href":"https:\/\/api.w.org\/{rel}","templated":true}]}}