{"id":259992,"date":"2022-05-22T12:10:36","date_gmt":"2022-05-22T10:10:36","guid":{"rendered":"https:\/\/zjarr.tv\/?p=259992"},"modified":"2022-05-22T12:10:36","modified_gmt":"2022-05-22T10:10:36","slug":"zgjedhjet-ne-pd-ironia-e-manjanit-asnje-shenje-luftanijesh-ne-sfond","status":"publish","type":"post","link":"https:\/\/zjarr.tv\/en\/zgjedhjet-ne-pd-ironia-e-manjanit-asnje-shenje-luftanijesh-ne-sfond\/","title":{"rendered":"Zgjedhjet n\u00eb PD\/ Ironia e Manjanit: Asnj\u00eb shenj\u00eb luftanijesh n\u00eb sfond\u2026"},"content":{"rendered":"<p>Dhjet\u00ebra-mij\u00ebra demokrat\u00eb po votojn\u00eb sot p\u00ebr t\u00eb zgjedhur kryetarin e ri t\u00eb Partis\u00eb Demokratike. Procesi \u00ebsht\u00eb n\u00eb vazhd\u00ebn e nj\u00eb serie ushtrimesh demokratike t\u00eb demokrat\u00ebve gjat\u00eb k\u00ebtyre muajve t\u00eb fundit.<\/p>\n<p>Votimet vazhdojn\u00eb n\u00eb mas\u00eb, nd\u00ebrkoh\u00eb q\u00eb procesi \u00ebsht\u00eb i rregullt dhe pa probleme.<\/p>\n<p>Ish-ministri Ylli Manjani ka ironizuar me t\u00eb gjith\u00eb ata q\u00eb prisnin q\u00eb sot t\u00eb kishte nd\u00ebrhyrje nd\u00ebrkomb\u00ebtar\u00ebsh. Teksa poston nj\u00eb foto nga deti, Manjani shkruan:<\/p>\n<p>\u201cSot, meq\u00eb do b\u00ebhej nami se aleat\u00ebt do nd\u00ebrhynin t\u00eb ndalonin zgjedhjen e Berish\u00ebs, i hodha nj\u00eb sy detit.<\/p>\n<p>Asnj\u00eb shenj\u00eb anijesh,luftanijesh, amfib\u00ebsh apo helikopter\u00ebsh. Deti dhe qielli jan\u00eb t\u00eb past\u00ebr.<\/p>\n<p>K\u00ebshtu q\u00eb demokrat\u00ebt t\u00eb votojn\u00eb t\u00eb qet\u00eb\u2026<\/p>\n<p>Qesharak\u00ebt mediatik\u00eb t\u00eb nd\u00ebrrojn\u00eb tem\u00eb se e lan\u00eb namin topa-topa, thon\u00eb vlonjat\u00ebt.\u201d<\/p>","protected":false},"excerpt":{"rendered":"<p>Dhjet\u00ebra-mij\u00ebra demokrat\u00eb po votojn\u00eb sot p\u00ebr t\u00eb zgjedhur kryetarin e ri t\u00eb Partis\u00eb Demokratike. Procesi \u00ebsht\u00eb n\u00eb vazhd\u00ebn e nj\u00eb serie ushtrimesh demokratike t\u00eb demokrat\u00ebve gjat\u00eb k\u00ebtyre muajve t\u00eb fundit. Votimet vazhdojn\u00eb n\u00eb mas\u00eb, nd\u00ebrkoh\u00eb q\u00eb procesi \u00ebsht\u00eb i rregullt dhe pa probleme. Ish-ministri Ylli Manjani ka ironizuar me t\u00eb gjith\u00eb ata q\u00eb prisnin q\u00eb [&hellip;]<\/p>\n","protected":false},"author":2020,"featured_media":201148,"comment_status":"closed","ping_status":"closed","sticky":false,"template":"","format":"standard","meta":{"footnotes":""},"categories":[241,5380,231],"tags":[],"class_list":{"0":"post-259992","1":"post","2":"type-post","3":"status-publish","4":"format-standard","5":"has-post-thumbnail","7":"category-aktualitet","8":"category-kryesore","9":"category-lajme"},"_links":{"self":[{"href":"https:\/\/zjarr.tv\/en\/wp-json\/wp\/v2\/posts\/259992","targetHints":{"allow":["GET"]}}],"collection":[{"href":"https:\/\/zjarr.tv\/en\/wp-json\/wp\/v2\/posts"}],"about":[{"href":"https:\/\/zjarr.tv\/en\/wp-json\/wp\/v2\/types\/post"}],"author":[{"embeddable":true,"href":"https:\/\/zjarr.tv\/en\/wp-json\/wp\/v2\/users\/2020"}],"replies":[{"embeddable":true,"href":"https:\/\/zjarr.tv\/en\/wp-json\/wp\/v2\/comments?post=259992"}],"version-history":[{"count":0,"href":"https:\/\/zjarr.tv\/en\/wp-json\/wp\/v2\/posts\/259992\/revisions"}],"wp:featuredmedia":[{"embeddable":true,"href":"https:\/\/zjarr.tv\/en\/wp-json\/wp\/v2\/media\/201148"}],"wp:attachment":[{"href":"https:\/\/zjarr.tv\/en\/wp-json\/wp\/v2\/media?parent=259992"}],"wp:term":[{"taxonomy":"category","embeddable":true,"href":"https:\/\/zjarr.tv\/en\/wp-json\/wp\/v2\/categories?post=259992"},{"taxonomy":"post_tag","embeddable":true,"href":"https:\/\/zjarr.tv\/en\/wp-json\/wp\/v2\/tags?post=259992"}],"curies":[{"name":"wp","href":"https:\/\/api.w.org\/{rel}","templated":true}]}}